{"id":10093,"date":"2017-08-17T08:00:44","date_gmt":"2017-08-17T07:00:44","guid":{"rendered":"http:\/\/www.ce-illkirch.fr\/wordpress\/?p=10093"},"modified":"2025-06-18T10:40:04","modified_gmt":"2025-06-18T08:40:04","slug":"biobernai-du-13-au-15-septembre-2013","status":"publish","type":"post","link":"https:\/\/www.ce-illkirch.fr\/wordpress\/2017\/08\/ecologie\/biobernai-du-13-au-15-septembre-2013\/","title":{"rendered":"BiObernai du 15 au 17 septembre 2017"},"content":{"rendered":"<p>Le salon de l&rsquo;agriculture biologique en Alsace.<\/p>\n<p>Rendez-vous les <strong>15, 16 et 17 septembre 2017<\/strong> pour la 14\u00e8me \u00e9dition de BiObernai !<br \/>\n+<strong> 240 exposants<\/strong><br \/>\n+<strong> 70 animations pour petits et grands<\/strong><br \/>\n+ 150 b\u00e9n\u00e9voles \u00e0 votre service<br \/>\n<strong>+<\/strong> 1 th\u00e8me 2017 f\u00e9d\u00e9rateur : <strong>l\u2019intelligence collective<\/strong> ou <strong>\u00ab<\/strong> c\u2019est ensemble que tout devient possible \u00bb<\/p>\n<p>Nouveaut\u00e9 2017 : des <strong>navettes au d\u00e9part de STRASBOURG Gare <\/strong>et<strong> GENGENBACH samedi 16 et dimanche 17<\/strong> (D\u00e9part 10h \/ Retour 17h). R\u00e9servation imp\u00e9rative. <a href=\"https:\/\/www.biobernai.com\/FR\/Salon-BiObernai\/Infos-pratiques\/Adresse-acces.html\" target=\"_blank\" rel=\"noopener\">Plus d&rsquo;info<\/a>&#8230;<\/p>\n<p><strong>Entr\u00e9e gratuite avant 12h chaque matin !<\/strong><\/p>\n<ul>\n<li><strong>A partir de 12h\u00a0<\/strong> :\u00a0 5 \u20ac<\/li>\n<li>Demi tarif : 2,50 \u20ac (r\u00e9serv\u00e9 aux personnes sans emploi, \u00e9tudiants, personnes \u00e0 mobilit\u00e9 r\u00e9duite sur pr\u00e9sentation d&rsquo;un justificatif)<\/li>\n<li>GRATUIT pour les &#8211; de 12 ans<\/li>\n<li>GRATUIT pour les visiteurs venant \u00e0 v\u00e9lo et\/ou par le train (sur pr\u00e9sentation de leur titre de transport \u00e0 l&rsquo;accueil billeterie<\/li>\n<\/ul>\n<p>Sur le parking des Remparts \u00e0 Obernai, \u00e0 500 m de la gare.<\/p>\n","protected":false},"excerpt":{"rendered":"<p>Le salon de l&rsquo;agriculture biologique en Alsace. Rendez-vous les 15, 16 et 17 septembre 2017 pour la 14\u00e8me \u00e9dition de BiObernai ! + 240 exposants + 70 animations pour petits [&hellip;]<\/p>\n","protected":false},"author":1,"featured_media":20441,"comment_status":"open","ping_status":"closed","sticky":false,"template":"","format":"standard","meta":{"footnotes":""},"categories":[10,16],"tags":[],"class_list":["post-10093","post","type-post","status-publish","format-standard","has-post-thumbnail","hentry","category-ecologie","category-loisirs"],"publishpress_future_action":{"enabled":false,"date":"2026-05-08 01:44:55","action":"category","newStatus":"draft","terms":[],"taxonomy":"category","extraData":[]},"publishpress_future_workflow_manual_trigger":{"enabledWorkflows":[]},"_links":{"self":[{"href":"https:\/\/www.ce-illkirch.fr\/wordpress\/wp-json\/wp\/v2\/posts\/10093","targetHints":{"allow":["GET"]}}],"collection":[{"href":"https:\/\/www.ce-illkirch.fr\/wordpress\/wp-json\/wp\/v2\/posts"}],"about":[{"href":"https:\/\/www.ce-illkirch.fr\/wordpress\/wp-json\/wp\/v2\/types\/post"}],"author":[{"embeddable":true,"href":"https:\/\/www.ce-illkirch.fr\/wordpress\/wp-json\/wp\/v2\/users\/1"}],"replies":[{"embeddable":true,"href":"https:\/\/www.ce-illkirch.fr\/wordpress\/wp-json\/wp\/v2\/comments?post=10093"}],"version-history":[{"count":3,"href":"https:\/\/www.ce-illkirch.fr\/wordpress\/wp-json\/wp\/v2\/posts\/10093\/revisions"}],"predecessor-version":[{"id":37588,"href":"https:\/\/www.ce-illkirch.fr\/wordpress\/wp-json\/wp\/v2\/posts\/10093\/revisions\/37588"}],"wp:featuredmedia":[{"embeddable":true,"href":"https:\/\/www.ce-illkirch.fr\/wordpress\/wp-json\/wp\/v2\/media\/20441"}],"wp:attachment":[{"href":"https:\/\/www.ce-illkirch.fr\/wordpress\/wp-json\/wp\/v2\/media?parent=10093"}],"wp:term":[{"taxonomy":"category","embeddable":true,"href":"https:\/\/www.ce-illkirch.fr\/wordpress\/wp-json\/wp\/v2\/categories?post=10093"},{"taxonomy":"post_tag","embeddable":true,"href":"https:\/\/www.ce-illkirch.fr\/wordpress\/wp-json\/wp\/v2\/tags?post=10093"}],"curies":[{"name":"wp","href":"https:\/\/api.w.org\/{rel}","templated":true}]}}