{"id":10387,"date":"2016-10-18T08:01:56","date_gmt":"2016-10-18T07:01:56","guid":{"rendered":"http:\/\/www.ce-illkirch.fr\/wordpress\/?p=10387"},"modified":"2016-10-18T08:01:56","modified_gmt":"2016-10-18T07:01:56","slug":"fete-de-noel-alcatel","status":"publish","type":"post","link":"https:\/\/www.ce-illkirch.fr\/wordpress\/2016\/10\/53\/fete-de-noel-alcatel\/","title":{"rendered":"F\u00eate de No\u00ebl Alcatel 2016"},"content":{"rendered":"<p>Retenez la date : dimanche 4\/12\/2016 apr\u00e8s-midi<\/p>\n<p>\u00e0 l&rsquo;UGC Etoile<\/p>\n<p>d\u00e9tails \u00e0 venir d\u00e9but novembre<\/p>\n<p><span style=\"color: #ff0000;\"><strong>\u00a0<\/strong><\/span><\/p>\n<p>&nbsp;<\/p>\n","protected":false},"excerpt":{"rendered":"<p>Retenez la date : dimanche 4\/12\/2016 apr\u00e8s-midi \u00e0 l&rsquo;UGC Etoile d\u00e9tails \u00e0 venir d\u00e9but novembre \u00a0 &nbsp;<\/p>\n","protected":false},"author":1,"featured_media":0,"comment_status":"open","ping_status":"closed","sticky":false,"template":"","format":"standard","meta":{"footnotes":""},"categories":[4,6,16,17,18],"tags":[],"class_list":["post-10387","post","type-post","status-publish","format-standard","hentry","category-4","category-billet","category-loisirs","category-loisirs-subvention-theatre","category-loisirs-sorties"],"publishpress_future_action":{"enabled":false,"date":"2026-05-07 17:06:08","action":"category","newStatus":"draft","terms":[],"taxonomy":"category","extraData":[]},"publishpress_future_workflow_manual_trigger":{"enabledWorkflows":[]},"_links":{"self":[{"href":"https:\/\/www.ce-illkirch.fr\/wordpress\/wp-json\/wp\/v2\/posts\/10387","targetHints":{"allow":["GET"]}}],"collection":[{"href":"https:\/\/www.ce-illkirch.fr\/wordpress\/wp-json\/wp\/v2\/posts"}],"about":[{"href":"https:\/\/www.ce-illkirch.fr\/wordpress\/wp-json\/wp\/v2\/types\/post"}],"author":[{"embeddable":true,"href":"https:\/\/www.ce-illkirch.fr\/wordpress\/wp-json\/wp\/v2\/users\/1"}],"replies":[{"embeddable":true,"href":"https:\/\/www.ce-illkirch.fr\/wordpress\/wp-json\/wp\/v2\/comments?post=10387"}],"version-history":[{"count":0,"href":"https:\/\/www.ce-illkirch.fr\/wordpress\/wp-json\/wp\/v2\/posts\/10387\/revisions"}],"wp:attachment":[{"href":"https:\/\/www.ce-illkirch.fr\/wordpress\/wp-json\/wp\/v2\/media?parent=10387"}],"wp:term":[{"taxonomy":"category","embeddable":true,"href":"https:\/\/www.ce-illkirch.fr\/wordpress\/wp-json\/wp\/v2\/categories?post=10387"},{"taxonomy":"post_tag","embeddable":true,"href":"https:\/\/www.ce-illkirch.fr\/wordpress\/wp-json\/wp\/v2\/tags?post=10387"}],"curies":[{"name":"wp","href":"https:\/\/api.w.org\/{rel}","templated":true}]}}