{"id":10593,"date":"2013-11-25T11:39:47","date_gmt":"2013-11-25T10:39:47","guid":{"rendered":"http:\/\/www.ce-illkirch.fr\/wordpress\/?p=10593"},"modified":"2013-11-25T11:39:47","modified_gmt":"2013-11-25T10:39:47","slug":"formation-mixite-egalite","status":"publish","type":"post","link":"https:\/\/www.ce-illkirch.fr\/wordpress\/2013\/11\/formation\/formation-mixite-egalite\/","title":{"rendered":"Formation Mixit\u00e9 \u00e9galit\u00e9"},"content":{"rendered":"<p><b>RAPPEL POUR CLOTURE DES INSCRIPTIONS AUJOURD&rsquo;HUI le 26\/11<\/b><\/p>\n<p>* cette formation n\u2019aura lieu qu\u2019avec un nombre suffisant d\u2019inscrits.<\/p>\n<p><strong>\u00a0<a style=\"font-size: 1.17em;\" href=\"http:\/\/www.ce-illkirch.fr\/wordpress\/wp-content\/uploads\/Mixit\u00e9-genre-\u00e9galit\u00e9-2013.doc\" target=\"_blank\">le 4 d\u00e9cembre prochain, une formation intitul\u00e9e MIXITE, GENRE, EGALITE * dans le cadre des formations RTT.<\/a><\/strong><\/p>\n<p>Inscriptions aupr\u00e8s de Martine Keim<\/p>\n","protected":false},"excerpt":{"rendered":"<p>RAPPEL POUR CLOTURE DES INSCRIPTIONS AUJOURD&rsquo;HUI le 26\/11 * cette formation n\u2019aura lieu qu\u2019avec un nombre suffisant d\u2019inscrits. \u00a0le 4 d\u00e9cembre prochain, une formation intitul\u00e9e MIXITE, GENRE, EGALITE * dans [&hellip;]<\/p>\n","protected":false},"author":1,"featured_media":0,"comment_status":"open","ping_status":"closed","sticky":false,"template":"","format":"standard","meta":{"footnotes":""},"categories":[12,32],"tags":[],"class_list":["post-10593","post","type-post","status-publish","format-standard","hentry","category-formation","category-site-ale"],"publishpress_future_action":{"enabled":false,"date":"2026-05-07 14:09:55","action":"category","newStatus":"draft","terms":[],"taxonomy":"category","extraData":[]},"publishpress_future_workflow_manual_trigger":{"enabledWorkflows":[]},"_links":{"self":[{"href":"https:\/\/www.ce-illkirch.fr\/wordpress\/wp-json\/wp\/v2\/posts\/10593","targetHints":{"allow":["GET"]}}],"collection":[{"href":"https:\/\/www.ce-illkirch.fr\/wordpress\/wp-json\/wp\/v2\/posts"}],"about":[{"href":"https:\/\/www.ce-illkirch.fr\/wordpress\/wp-json\/wp\/v2\/types\/post"}],"author":[{"embeddable":true,"href":"https:\/\/www.ce-illkirch.fr\/wordpress\/wp-json\/wp\/v2\/users\/1"}],"replies":[{"embeddable":true,"href":"https:\/\/www.ce-illkirch.fr\/wordpress\/wp-json\/wp\/v2\/comments?post=10593"}],"version-history":[{"count":0,"href":"https:\/\/www.ce-illkirch.fr\/wordpress\/wp-json\/wp\/v2\/posts\/10593\/revisions"}],"wp:attachment":[{"href":"https:\/\/www.ce-illkirch.fr\/wordpress\/wp-json\/wp\/v2\/media?parent=10593"}],"wp:term":[{"taxonomy":"category","embeddable":true,"href":"https:\/\/www.ce-illkirch.fr\/wordpress\/wp-json\/wp\/v2\/categories?post=10593"},{"taxonomy":"post_tag","embeddable":true,"href":"https:\/\/www.ce-illkirch.fr\/wordpress\/wp-json\/wp\/v2\/tags?post=10593"}],"curies":[{"name":"wp","href":"https:\/\/api.w.org\/{rel}","templated":true}]}}