{"id":10871,"date":"2013-12-06T09:02:36","date_gmt":"2013-12-06T08:02:36","guid":{"rendered":"http:\/\/www.ce-illkirch.fr\/wordpress\/?p=10871"},"modified":"2013-12-06T09:02:36","modified_gmt":"2013-12-06T08:02:36","slug":"happy-noel","status":"publish","type":"post","link":"https:\/\/www.ce-illkirch.fr\/wordpress\/2013\/12\/loisirs\/happy-noel\/","title":{"rendered":"Happy No\u00ebl"},"content":{"rendered":"<div>\n<div style=\"text-align: left;\">\n<blockquote>\n<blockquote><p>AU CAMIONNEUR \u00a0 \u00a0LE 18 D\u00c9CEMBRE \u00a0\u00c0 20H30 (14 rue Georges Wodli &#8211; 67 000 STRASBOURG) &#8211; <a href=\"http:\/\/www.ce-illkirch.fr\/wordpress\/wp-content\/uploads\/Affiche-Happy-Noel.pdf\" target=\"_blank\">Affiche<\/a><\/p><\/blockquote>\n<\/blockquote>\n<blockquote><p>Chansons d\u2019ici et d\u2019outre manche pour petits et grands.<\/p><\/blockquote>\n<blockquote>\n<div><span style=\"color: #000000;\" data-mce-mark=\"1\">Noel et ses chants ne connaissent pas les fronti\u00e8res, ni celles du temps ni celles des oc\u00e9ans. Ce soir l\u00e0, sera consacr\u00e9 \u00e0 un No\u00ebl particulier franco- anglais, nous mangerons, boirons et surtout nous laisserons charmer par les belles m\u00e9lodies de nos No\u00ebl pass\u00e9s. Et rien ni personne ne nous emp\u00eachera de chanter aussi, si le c\u0153ur nous en dit !\u00a0<\/span><\/div>\n<div><span style=\"color: #000000;\" data-mce-mark=\"1\">\u00a0<\/span><\/div>\n<ul>\n<li><span style=\"color: #000000;\" data-mce-mark=\"1\">Susan Griffiths soprano<\/span><\/li>\n<li><span style=\"color: #000000;\" data-mce-mark=\"1\">Dominique Burns baryton<\/span><\/li>\n<li><span style=\"color: #000000;\" data-mce-mark=\"1\">V\u00e9r\u00e8ne Rimlinger piano<\/span><\/li>\n<\/ul>\n<div><span style=\"color: #000000;\" data-mce-mark=\"1\">\u00a0 \u00a0 \u00a0<\/span><span style=\"color: #000000;\" data-mce-mark=\"1\">Possibilit\u00e9 de d\u00eener avant le concert \ud83d\ude42<\/span><\/div>\n<\/blockquote>\n<blockquote>\n<div>\u00a0Nous vous conseillons de r\u00e9server !\u00a012 \u20ac par personne, gratuit en dessous de 12 ans \ud83d\ude42\u00a0<strong>Tarif\u00a0<\/strong>(pas de CB) 12 \u20ac<\/div>\n<div><\/div>\n<div><strong>R\u00e9servation\u00a0<\/strong>03.88.32.12.60<\/div>\n<\/blockquote>\n<\/div>\n<\/div>\n","protected":false},"excerpt":{"rendered":"<p>AU CAMIONNEUR \u00a0 \u00a0LE 18 D\u00c9CEMBRE \u00a0\u00c0 20H30 (14 rue Georges Wodli &#8211; 67 000 STRASBOURG) &#8211; Affiche Chansons d\u2019ici et d\u2019outre manche pour petits et grands. Noel et ses [&hellip;]<\/p>\n","protected":false},"author":1,"featured_media":0,"comment_status":"open","ping_status":"closed","sticky":false,"template":"","format":"standard","meta":{"footnotes":""},"categories":[51,16],"tags":[],"class_list":["post-10871","post","type-post","status-publish","format-standard","hentry","category-groupe-vocal","category-loisirs"],"publishpress_future_action":{"enabled":false,"date":"2026-05-07 15:34:42","action":"category","newStatus":"draft","terms":[],"taxonomy":"category","extraData":[]},"publishpress_future_workflow_manual_trigger":{"enabledWorkflows":[]},"_links":{"self":[{"href":"https:\/\/www.ce-illkirch.fr\/wordpress\/wp-json\/wp\/v2\/posts\/10871","targetHints":{"allow":["GET"]}}],"collection":[{"href":"https:\/\/www.ce-illkirch.fr\/wordpress\/wp-json\/wp\/v2\/posts"}],"about":[{"href":"https:\/\/www.ce-illkirch.fr\/wordpress\/wp-json\/wp\/v2\/types\/post"}],"author":[{"embeddable":true,"href":"https:\/\/www.ce-illkirch.fr\/wordpress\/wp-json\/wp\/v2\/users\/1"}],"replies":[{"embeddable":true,"href":"https:\/\/www.ce-illkirch.fr\/wordpress\/wp-json\/wp\/v2\/comments?post=10871"}],"version-history":[{"count":0,"href":"https:\/\/www.ce-illkirch.fr\/wordpress\/wp-json\/wp\/v2\/posts\/10871\/revisions"}],"wp:attachment":[{"href":"https:\/\/www.ce-illkirch.fr\/wordpress\/wp-json\/wp\/v2\/media?parent=10871"}],"wp:term":[{"taxonomy":"category","embeddable":true,"href":"https:\/\/www.ce-illkirch.fr\/wordpress\/wp-json\/wp\/v2\/categories?post=10871"},{"taxonomy":"post_tag","embeddable":true,"href":"https:\/\/www.ce-illkirch.fr\/wordpress\/wp-json\/wp\/v2\/tags?post=10871"}],"curies":[{"name":"wp","href":"https:\/\/api.w.org\/{rel}","templated":true}]}}