{"id":11411,"date":"2014-03-09T08:56:59","date_gmt":"2014-03-09T07:56:59","guid":{"rendered":"http:\/\/www.ce-illkirch.fr\/wordpress\/?p=11411"},"modified":"2026-04-14T11:21:15","modified_gmt":"2026-04-14T09:21:15","slug":"tout-ce-que-vous-avez-toujours-voulu-savoir-sur-le-ce","status":"publish","type":"post","link":"https:\/\/www.ce-illkirch.fr\/wordpress\/2014\/03\/acces-au-ce\/tout-ce-que-vous-avez-toujours-voulu-savoir-sur-le-ce\/","title":{"rendered":"Tout ce que vous avez toujours voulu savoir sur le CE"},"content":{"rendered":"<p><img loading=\"lazy\" decoding=\"async\" class=\"alignleft size-full wp-image-11412\" alt=\"CE_ALE\" src=\"http:\/\/www.ce-illkirch.fr\/wordpress\/wp-content\/uploads\/CE_ALE.jpg\" width=\"508\" height=\"55\" \/><strong>Lundi 10 mars de 12h30 \u00e0 13h30 en amphi<\/strong>, le bureau du CE vous propose une pr\u00e9sentation : le r\u00f4le des \u00e9lus, la r\u00e9partition du budget, les activit\u00e9s de toutes les commissions, le rapport d&rsquo;activit\u00e9 2013,\u00a0et bien s\u00fbr la r\u00e9ponse \u00e0 toutes vos questions.<\/p>\n","protected":false},"excerpt":{"rendered":"<p>Lundi 10 mars de 12h30 \u00e0 13h30 en amphi, le bureau du CE vous propose une pr\u00e9sentation : le r\u00f4le des \u00e9lus, la r\u00e9partition du budget, les activit\u00e9s de toutes [&hellip;]<\/p>\n","protected":false},"author":1,"featured_media":0,"comment_status":"open","ping_status":"closed","sticky":false,"template":"","format":"standard","meta":{"footnotes":""},"categories":[3,4,6,40],"tags":[],"class_list":["post-11411","post","type-post","status-publish","format-standard","hentry","category-acces-au-ce","category-4","category-billet","category-tresor"],"publishpress_future_action":{"enabled":false,"date":"2026-05-07 07:32:12","action":"category","newStatus":"draft","terms":[],"taxonomy":"category","extraData":[]},"publishpress_future_workflow_manual_trigger":{"enabledWorkflows":[]},"_links":{"self":[{"href":"https:\/\/www.ce-illkirch.fr\/wordpress\/wp-json\/wp\/v2\/posts\/11411","targetHints":{"allow":["GET"]}}],"collection":[{"href":"https:\/\/www.ce-illkirch.fr\/wordpress\/wp-json\/wp\/v2\/posts"}],"about":[{"href":"https:\/\/www.ce-illkirch.fr\/wordpress\/wp-json\/wp\/v2\/types\/post"}],"author":[{"embeddable":true,"href":"https:\/\/www.ce-illkirch.fr\/wordpress\/wp-json\/wp\/v2\/users\/1"}],"replies":[{"embeddable":true,"href":"https:\/\/www.ce-illkirch.fr\/wordpress\/wp-json\/wp\/v2\/comments?post=11411"}],"version-history":[{"count":1,"href":"https:\/\/www.ce-illkirch.fr\/wordpress\/wp-json\/wp\/v2\/posts\/11411\/revisions"}],"predecessor-version":[{"id":39258,"href":"https:\/\/www.ce-illkirch.fr\/wordpress\/wp-json\/wp\/v2\/posts\/11411\/revisions\/39258"}],"wp:attachment":[{"href":"https:\/\/www.ce-illkirch.fr\/wordpress\/wp-json\/wp\/v2\/media?parent=11411"}],"wp:term":[{"taxonomy":"category","embeddable":true,"href":"https:\/\/www.ce-illkirch.fr\/wordpress\/wp-json\/wp\/v2\/categories?post=11411"},{"taxonomy":"post_tag","embeddable":true,"href":"https:\/\/www.ce-illkirch.fr\/wordpress\/wp-json\/wp\/v2\/tags?post=11411"}],"curies":[{"name":"wp","href":"https:\/\/api.w.org\/{rel}","templated":true}]}}