{"id":11439,"date":"2014-12-11T09:00:46","date_gmt":"2014-12-11T08:00:46","guid":{"rendered":"http:\/\/www.ce-illkirch.fr\/wordpress\/?p=11439"},"modified":"2014-12-11T09:00:46","modified_gmt":"2014-12-11T08:00:46","slug":"offres-commerciales","status":"publish","type":"post","link":"https:\/\/www.ce-illkirch.fr\/wordpress\/2014\/12\/ecologie\/offres-commerciales\/","title":{"rendered":"Offre commerciale Cycles Boss \u00e0 Geispolsheim gare"},"content":{"rendered":"<p><a href=\"http:\/\/www.ce-illkirch.fr\/wordpress\/wp-content\/uploads\/logo-velociste-sans-texte0.jpg\"><img loading=\"lazy\" decoding=\"async\" class=\"alignleft size-full wp-image-13532\" alt=\"logo-velociste-sans-texte0\" src=\"http:\/\/www.ce-illkirch.fr\/wordpress\/wp-content\/uploads\/logo-velociste-sans-texte0.jpg\" width=\"159\" height=\"57\" \/><\/a>Pour les f\u00eates de fin d&rsquo;ann\u00e9e, nous proposons \u00e0 notre fid\u00e8le client\u00e8le une <strong>remise de 20% sur tout le magasin*<\/strong> ou de 10% sur toute commande de v\u00e9lo ou accessoire pass\u00e9e jusqu&rsquo;au 20 d\u00e9cembre 2014.<\/p>\n<p>Des catalogues seront disponibles au CE. Le ch\u00e8que-cadeau de No\u00ebl est accept\u00e9 en paiement.<\/p>\n<p>En vous souhaitant d&rsquo;heureuses f\u00eates de fin d&rsquo;ann\u00e9e.<\/p>\n<p><a href=\"http:\/\/www.sonnefraud.fr\" target=\"_blank\">ATELIER CYCLES TANDEM ASSOCIATIF <\/a>\u2013 03.88.66.15.85<\/p>\n<p>50m2 d\u2019expo v\u00e9los, pi\u00e8ces, accessoires<\/p>\n<p>Mardi \u00e0 samedi de 9h \u00e0 19h<\/p>\n<p>Mardi sur RDV et \u00e0 domicile<\/p>\n<p>31, rue des Vosges 67118 GEISPOLSHEIM gare (derri\u00e8re Cr\u00e9dit Mutuel)<\/p>\n<p>Atelier de r\u00e9paration, Vente de cycles, d&rsquo;accessoires, Location.<\/p>\n<p><strong>Avantage Alcatel<\/strong> : <strong>-10%<\/strong> sur les prestations de service \u2013 Code P680369.<\/p>\n<p>* offre de remise non cumulable avec les remises d\u00e9j\u00e0 affich\u00e9es.<\/p>\n","protected":false},"excerpt":{"rendered":"<p>Pour les f\u00eates de fin d&rsquo;ann\u00e9e, nous proposons \u00e0 notre fid\u00e8le client\u00e8le une remise de 20% sur tout le magasin* ou de 10% sur toute commande de v\u00e9lo ou accessoire [&hellip;]<\/p>\n","protected":false},"author":1,"featured_media":0,"comment_status":"open","ping_status":"closed","sticky":false,"template":"","format":"standard","meta":{"footnotes":""},"categories":[10,21,22,23,30,39],"tags":[],"class_list":["post-11439","post","type-post","status-publish","format-standard","hentry","category-ecologie","category-offres-commerciales","category-petites-annonces","category-prestataires-de-services","category-scabsi-velo","category-transport"],"publishpress_future_action":{"enabled":false,"date":"2026-05-07 22:46:09","action":"category","newStatus":"draft","terms":[],"taxonomy":"category","extraData":[]},"publishpress_future_workflow_manual_trigger":{"enabledWorkflows":[]},"_links":{"self":[{"href":"https:\/\/www.ce-illkirch.fr\/wordpress\/wp-json\/wp\/v2\/posts\/11439","targetHints":{"allow":["GET"]}}],"collection":[{"href":"https:\/\/www.ce-illkirch.fr\/wordpress\/wp-json\/wp\/v2\/posts"}],"about":[{"href":"https:\/\/www.ce-illkirch.fr\/wordpress\/wp-json\/wp\/v2\/types\/post"}],"author":[{"embeddable":true,"href":"https:\/\/www.ce-illkirch.fr\/wordpress\/wp-json\/wp\/v2\/users\/1"}],"replies":[{"embeddable":true,"href":"https:\/\/www.ce-illkirch.fr\/wordpress\/wp-json\/wp\/v2\/comments?post=11439"}],"version-history":[{"count":0,"href":"https:\/\/www.ce-illkirch.fr\/wordpress\/wp-json\/wp\/v2\/posts\/11439\/revisions"}],"wp:attachment":[{"href":"https:\/\/www.ce-illkirch.fr\/wordpress\/wp-json\/wp\/v2\/media?parent=11439"}],"wp:term":[{"taxonomy":"category","embeddable":true,"href":"https:\/\/www.ce-illkirch.fr\/wordpress\/wp-json\/wp\/v2\/categories?post=11439"},{"taxonomy":"post_tag","embeddable":true,"href":"https:\/\/www.ce-illkirch.fr\/wordpress\/wp-json\/wp\/v2\/tags?post=11439"}],"curies":[{"name":"wp","href":"https:\/\/api.w.org\/{rel}","templated":true}]}}