{"id":11563,"date":"2014-03-11T16:50:09","date_gmt":"2014-03-11T15:50:09","guid":{"rendered":"http:\/\/www.ce-illkirch.fr\/wordpress\/?p=11563"},"modified":"2023-02-07T13:24:25","modified_gmt":"2023-02-07T12:24:25","slug":"ecoquartier-illkirch-cherche-familles","status":"publish","type":"post","link":"https:\/\/www.ce-illkirch.fr\/wordpress\/2014\/03\/logement\/ecoquartier-illkirch-cherche-familles\/","title":{"rendered":"Ecoquartier Illkirch cherche familles"},"content":{"rendered":"<p><img loading=\"lazy\" decoding=\"async\" class=\"alignleft size-full wp-image-11564\" src=\"http:\/\/www.ce-illkirch.fr\/wordpress\/wp-content\/uploads\/ecoquartier_corbusier.jpg\" alt=\"ecoquartier_corbusier\" width=\"306\" height=\"160\" \/>Le futur \u00e9coquartier d&rsquo;Illkirch (rue Le Corbusier) se pr\u00e9cise. Un projet d&rsquo;autopromotion est encore \u00e0 la recherche de quelques familles :<\/p>\n<div>http:\/\/www.illkirch-graffenstaden.fr\/projets-realisations\/projets\/projet-urbain-rue-le-corbusier<\/div>\n<div>et<\/div>\n<div>http:\/\/www.sers.eu\/content\/prairies-du-canal-habitat-participatif<\/div>\n<div><\/div>\n<div>Nous en sommes au stade de la constitution du groupe (9 \u00e0 15 familles) et de la r\u00e9daction de la candidature \u00e0 la SERS pour \u00eatre retenu sur ce projet.<\/div>\n<div>Nous avons d\u00e9j\u00e0 valid\u00e9 des valeurs communes, r\u00e9dig\u00e9 un code de bonne conduite, cr\u00e9\u00e9 une association de fait et nous sommes en pleine communication&#8230;<\/div>\n<div>A l&rsquo;heure actuelle nous sommes le seul groupe sur ce terrain mais nous ne sommes que 5 familles sachant qu&rsquo;il en faut au moins 9&#8230;.<\/div>\n<div><\/div>\n<div>Voir aussi le lien vers \u00e9coquartier strasbourg\u00a0http:\/\/www.ecoquartier-strasbourg.net\/ et le compte facebook\u00a0https:\/\/www.facebook.com\/illovert<\/div>\n","protected":false},"excerpt":{"rendered":"<p>Le futur \u00e9coquartier d&rsquo;Illkirch (rue Le Corbusier) se pr\u00e9cise. Un projet d&rsquo;autopromotion est encore \u00e0 la recherche de quelques familles : http:\/\/www.illkirch-graffenstaden.fr\/projets-realisations\/projets\/projet-urbain-rue-le-corbusier et http:\/\/www.sers.eu\/content\/prairies-du-canal-habitat-participatif Nous en sommes au stade de [&hellip;]<\/p>\n","protected":false},"author":1,"featured_media":0,"comment_status":"open","ping_status":"closed","sticky":false,"template":"","format":"standard","meta":{"footnotes":""},"categories":[15,22],"tags":[],"class_list":["post-11563","post","type-post","status-publish","format-standard","hentry","category-logement","category-petites-annonces"],"publishpress_future_action":{"enabled":false,"date":"2026-05-07 07:31:24","action":"category","newStatus":"draft","terms":[],"taxonomy":"category","extraData":[]},"publishpress_future_workflow_manual_trigger":{"enabledWorkflows":[]},"_links":{"self":[{"href":"https:\/\/www.ce-illkirch.fr\/wordpress\/wp-json\/wp\/v2\/posts\/11563","targetHints":{"allow":["GET"]}}],"collection":[{"href":"https:\/\/www.ce-illkirch.fr\/wordpress\/wp-json\/wp\/v2\/posts"}],"about":[{"href":"https:\/\/www.ce-illkirch.fr\/wordpress\/wp-json\/wp\/v2\/types\/post"}],"author":[{"embeddable":true,"href":"https:\/\/www.ce-illkirch.fr\/wordpress\/wp-json\/wp\/v2\/users\/1"}],"replies":[{"embeddable":true,"href":"https:\/\/www.ce-illkirch.fr\/wordpress\/wp-json\/wp\/v2\/comments?post=11563"}],"version-history":[{"count":2,"href":"https:\/\/www.ce-illkirch.fr\/wordpress\/wp-json\/wp\/v2\/posts\/11563\/revisions"}],"predecessor-version":[{"id":32403,"href":"https:\/\/www.ce-illkirch.fr\/wordpress\/wp-json\/wp\/v2\/posts\/11563\/revisions\/32403"}],"wp:attachment":[{"href":"https:\/\/www.ce-illkirch.fr\/wordpress\/wp-json\/wp\/v2\/media?parent=11563"}],"wp:term":[{"taxonomy":"category","embeddable":true,"href":"https:\/\/www.ce-illkirch.fr\/wordpress\/wp-json\/wp\/v2\/categories?post=11563"},{"taxonomy":"post_tag","embeddable":true,"href":"https:\/\/www.ce-illkirch.fr\/wordpress\/wp-json\/wp\/v2\/tags?post=11563"}],"curies":[{"name":"wp","href":"https:\/\/api.w.org\/{rel}","templated":true}]}}