{"id":12579,"date":"2025-09-02T15:35:57","date_gmt":"2025-09-02T13:35:57","guid":{"rendered":"http:\/\/www.ce-illkirch.fr\/wordpress\/?p=12579"},"modified":"2025-09-12T14:49:45","modified_gmt":"2025-09-12T12:49:45","slug":"nouvelle-saison-culturelle","status":"publish","type":"post","link":"https:\/\/www.ce-illkirch.fr\/wordpress\/2025\/09\/non-classe\/nouvelle-saison-culturelle\/","title":{"rendered":"Saison culturelle 25-26 : subvention CSE -33% sur les abonnements"},"content":{"rendered":"<p>Vous pouvez souscrire les <strong>abonnements<\/strong> en ligne ou par courrier, demandez une facture et faites-vous rembourser au CSE la subvention soit<strong> 33%.<\/strong><\/p>\n<p>La subvention sur les spectacles \u00e0 l&rsquo;unit\u00e9 sera peut \u00eatre reconduite en octobre 2025 &#8211; validation fin septembre.<\/p>\n<p><em>Danse, th\u00e9\u00e2tre, cirque, op\u00e9ra, musique \u00e0 Strasbourg<strong>.<\/strong><\/em><\/p>\n","protected":false},"excerpt":{"rendered":"<p>Vous pouvez souscrire les abonnements en ligne ou par courrier, demandez une facture et faites-vous rembourser au CSE la subvention soit 33%. La subvention sur les spectacles \u00e0 l&rsquo;unit\u00e9 sera [&hellip;]<\/p>\n","protected":false},"author":1,"featured_media":37901,"comment_status":"open","ping_status":"closed","sticky":false,"template":"","format":"standard","meta":{"footnotes":""},"categories":[4,6,9,16,17,18,1,35],"tags":[],"class_list":["post-12579","post","type-post","status-publish","format-standard","has-post-thumbnail","hentry","category-4","category-billet","category-concerts","category-loisirs","category-loisirs-subvention-theatre","category-loisirs-sorties","category-non-classe","category-top_a_la_une"],"publishpress_future_action":{"enabled":false,"date":"2026-05-05 22:45:34","action":"category","newStatus":"draft","terms":[],"taxonomy":"category","extraData":[]},"publishpress_future_workflow_manual_trigger":{"enabledWorkflows":[]},"_links":{"self":[{"href":"https:\/\/www.ce-illkirch.fr\/wordpress\/wp-json\/wp\/v2\/posts\/12579","targetHints":{"allow":["GET"]}}],"collection":[{"href":"https:\/\/www.ce-illkirch.fr\/wordpress\/wp-json\/wp\/v2\/posts"}],"about":[{"href":"https:\/\/www.ce-illkirch.fr\/wordpress\/wp-json\/wp\/v2\/types\/post"}],"author":[{"embeddable":true,"href":"https:\/\/www.ce-illkirch.fr\/wordpress\/wp-json\/wp\/v2\/users\/1"}],"replies":[{"embeddable":true,"href":"https:\/\/www.ce-illkirch.fr\/wordpress\/wp-json\/wp\/v2\/comments?post=12579"}],"version-history":[{"count":16,"href":"https:\/\/www.ce-illkirch.fr\/wordpress\/wp-json\/wp\/v2\/posts\/12579\/revisions"}],"predecessor-version":[{"id":37937,"href":"https:\/\/www.ce-illkirch.fr\/wordpress\/wp-json\/wp\/v2\/posts\/12579\/revisions\/37937"}],"wp:featuredmedia":[{"embeddable":true,"href":"https:\/\/www.ce-illkirch.fr\/wordpress\/wp-json\/wp\/v2\/media\/37901"}],"wp:attachment":[{"href":"https:\/\/www.ce-illkirch.fr\/wordpress\/wp-json\/wp\/v2\/media?parent=12579"}],"wp:term":[{"taxonomy":"category","embeddable":true,"href":"https:\/\/www.ce-illkirch.fr\/wordpress\/wp-json\/wp\/v2\/categories?post=12579"},{"taxonomy":"post_tag","embeddable":true,"href":"https:\/\/www.ce-illkirch.fr\/wordpress\/wp-json\/wp\/v2\/tags?post=12579"}],"curies":[{"name":"wp","href":"https:\/\/api.w.org\/{rel}","templated":true}]}}