{"id":12715,"date":"2014-09-02T16:53:57","date_gmt":"2014-09-02T15:53:57","guid":{"rendered":"http:\/\/www.ce-illkirch.fr\/wordpress\/?p=12715"},"modified":"2026-04-14T11:25:12","modified_gmt":"2026-04-14T09:25:12","slug":"la-commission-transports-recrute","status":"publish","type":"post","link":"https:\/\/www.ce-illkirch.fr\/wordpress\/2014\/09\/transport\/la-commission-transports-recrute\/","title":{"rendered":"La Commission Transports recrute"},"content":{"rendered":"<p>La commission Transports a pour objet de faciliter les d\u00e9placements domicile-travail des salari\u00e9s, en favorisant la mise en relation des candidats au covoiturage, en faisant la promotion des d\u00e9placements \u00ab\u00a0actifs\u00a0\u00bb, etc&#8230; Si ces sujets vous int\u00e9ressent, n&rsquo;h\u00e9sitez pas \u00e0 vous manifester aupr\u00e8s des membres actuels (liste sur Intranet) ou au CE.<\/p>\n<p>Un bon aper\u00e7u des sujets dans le petit dessin anim\u00e9 <a href=\"https:\/\/www.youtube.com\/watch?v=vF6-Mp0iNcw\">en ligne sur le site de la Semaine de la mobilit\u00e9<\/a>.<\/p>\n","protected":false},"excerpt":{"rendered":"<p>La commission Transports a pour objet de faciliter les d\u00e9placements domicile-travail des salari\u00e9s, en favorisant la mise en relation des candidats au covoiturage, en faisant la promotion des d\u00e9placements \u00ab\u00a0actifs\u00a0\u00bb, [&hellip;]<\/p>\n","protected":false},"author":1,"featured_media":0,"comment_status":"open","ping_status":"closed","sticky":false,"template":"","format":"standard","meta":{"footnotes":""},"categories":[39],"tags":[],"class_list":["post-12715","post","type-post","status-publish","format-standard","hentry","category-transport"],"publishpress_future_action":{"enabled":false,"date":"2026-05-08 00:20:27","action":"category","newStatus":"draft","terms":[],"taxonomy":"category","extraData":[]},"publishpress_future_workflow_manual_trigger":{"enabledWorkflows":[]},"_links":{"self":[{"href":"https:\/\/www.ce-illkirch.fr\/wordpress\/wp-json\/wp\/v2\/posts\/12715","targetHints":{"allow":["GET"]}}],"collection":[{"href":"https:\/\/www.ce-illkirch.fr\/wordpress\/wp-json\/wp\/v2\/posts"}],"about":[{"href":"https:\/\/www.ce-illkirch.fr\/wordpress\/wp-json\/wp\/v2\/types\/post"}],"author":[{"embeddable":true,"href":"https:\/\/www.ce-illkirch.fr\/wordpress\/wp-json\/wp\/v2\/users\/1"}],"replies":[{"embeddable":true,"href":"https:\/\/www.ce-illkirch.fr\/wordpress\/wp-json\/wp\/v2\/comments?post=12715"}],"version-history":[{"count":5,"href":"https:\/\/www.ce-illkirch.fr\/wordpress\/wp-json\/wp\/v2\/posts\/12715\/revisions"}],"predecessor-version":[{"id":39267,"href":"https:\/\/www.ce-illkirch.fr\/wordpress\/wp-json\/wp\/v2\/posts\/12715\/revisions\/39267"}],"wp:attachment":[{"href":"https:\/\/www.ce-illkirch.fr\/wordpress\/wp-json\/wp\/v2\/media?parent=12715"}],"wp:term":[{"taxonomy":"category","embeddable":true,"href":"https:\/\/www.ce-illkirch.fr\/wordpress\/wp-json\/wp\/v2\/categories?post=12715"},{"taxonomy":"post_tag","embeddable":true,"href":"https:\/\/www.ce-illkirch.fr\/wordpress\/wp-json\/wp\/v2\/tags?post=12715"}],"curies":[{"name":"wp","href":"https:\/\/api.w.org\/{rel}","templated":true}]}}