{"id":12800,"date":"2014-09-18T14:00:45","date_gmt":"2014-09-18T13:00:45","guid":{"rendered":"http:\/\/www.ce-illkirch.fr\/wordpress\/?p=12800"},"modified":"2023-03-06T10:02:59","modified_gmt":"2023-03-06T09:02:59","slug":"eco-mobilite-cest-le-moment-dessayer","status":"publish","type":"post","link":"https:\/\/www.ce-illkirch.fr\/wordpress\/2014\/09\/ecologie\/eco-mobilite-cest-le-moment-dessayer\/","title":{"rendered":"Eco-mobilit\u00e9 : les r\u00e9ponses au quizz !"},"content":{"rendered":"<p><img loading=\"lazy\" decoding=\"async\" class=\"alignleft size-full wp-image-12805\" src=\"http:\/\/www.ce-illkirch.fr\/wordpress\/wp-content\/uploads\/SemaineMobilit\u00e9Logo_Bougez.jpg\" alt=\"SemaineMobilit\u00e9Logo_Bougez\" width=\"261\" height=\"136\" \/>Vous avez \u00e9t\u00e9 tr\u00e8s nombreux\u00a0 ce jeudi midi \u00e0 tester vos connaissances en \u00e9co-mobilit\u00e9, avec un petit Quizz concoct\u00e9 par la Commission\u00a0 Transport du CE. Bravo \u00e0 tous !<\/p>\n<p>Ceux qui n&rsquo;ont pas encore r\u00e9cup\u00e9r\u00e9 leur brassard r\u00e9fl\u00e9chissant offert par Strasbourg.eu peuvent venir le faire au CE aux heures de permanence.<\/p>\n<p>Les goodies v\u00e9lo, locations gratuites du VAE (v\u00e9lo \u00e0 assistance \u00e9lectrique), affiches Strasbourg et une s\u00e9ance de massage assis seront tir\u00e9s au sort parmi les meilleures r\u00e9ponses (peu de sans faute&#8230;).<\/p>\n<p>Les <a title=\"r\u00e9ponses au quizz\" href=\"http:\/\/www.ce-illkirch.fr\/wordpress\/wp-content\/uploads\/QuizzDeplDoux2014_R\u00e9ponses_Final1.pdf\" target=\"_blank\" rel=\"noopener\">r\u00e9ponses <\/a>sont en ligne.<\/p>\n","protected":false},"excerpt":{"rendered":"<p>Vous avez \u00e9t\u00e9 tr\u00e8s nombreux\u00a0 ce jeudi midi \u00e0 tester vos connaissances en \u00e9co-mobilit\u00e9, avec un petit Quizz concoct\u00e9 par la Commission\u00a0 Transport du CE. Bravo \u00e0 tous ! Ceux [&hellip;]<\/p>\n","protected":false},"author":1,"featured_media":0,"comment_status":"open","ping_status":"closed","sticky":false,"template":"","format":"standard","meta":{"footnotes":""},"categories":[10,39],"tags":[],"class_list":["post-12800","post","type-post","status-publish","format-standard","hentry","category-ecologie","category-transport"],"publishpress_future_action":{"enabled":false,"date":"2026-05-08 00:20:59","action":"category","newStatus":"draft","terms":[],"taxonomy":"category","extraData":[]},"publishpress_future_workflow_manual_trigger":{"enabledWorkflows":[]},"_links":{"self":[{"href":"https:\/\/www.ce-illkirch.fr\/wordpress\/wp-json\/wp\/v2\/posts\/12800","targetHints":{"allow":["GET"]}}],"collection":[{"href":"https:\/\/www.ce-illkirch.fr\/wordpress\/wp-json\/wp\/v2\/posts"}],"about":[{"href":"https:\/\/www.ce-illkirch.fr\/wordpress\/wp-json\/wp\/v2\/types\/post"}],"author":[{"embeddable":true,"href":"https:\/\/www.ce-illkirch.fr\/wordpress\/wp-json\/wp\/v2\/users\/1"}],"replies":[{"embeddable":true,"href":"https:\/\/www.ce-illkirch.fr\/wordpress\/wp-json\/wp\/v2\/comments?post=12800"}],"version-history":[{"count":2,"href":"https:\/\/www.ce-illkirch.fr\/wordpress\/wp-json\/wp\/v2\/posts\/12800\/revisions"}],"predecessor-version":[{"id":32793,"href":"https:\/\/www.ce-illkirch.fr\/wordpress\/wp-json\/wp\/v2\/posts\/12800\/revisions\/32793"}],"wp:attachment":[{"href":"https:\/\/www.ce-illkirch.fr\/wordpress\/wp-json\/wp\/v2\/media?parent=12800"}],"wp:term":[{"taxonomy":"category","embeddable":true,"href":"https:\/\/www.ce-illkirch.fr\/wordpress\/wp-json\/wp\/v2\/categories?post=12800"},{"taxonomy":"post_tag","embeddable":true,"href":"https:\/\/www.ce-illkirch.fr\/wordpress\/wp-json\/wp\/v2\/tags?post=12800"}],"curies":[{"name":"wp","href":"https:\/\/api.w.org\/{rel}","templated":true}]}}