{"id":12945,"date":"2014-09-23T09:13:51","date_gmt":"2014-09-23T08:13:51","guid":{"rendered":"http:\/\/www.ce-illkirch.fr\/wordpress\/?p=12945"},"modified":"2014-09-23T09:13:51","modified_gmt":"2014-09-23T08:13:51","slug":"conference-interculturelle-travailler-avec-des-chinois-lundi-13-octobre-2014-de-14h30-a-17h30","status":"publish","type":"post","link":"https:\/\/www.ce-illkirch.fr\/wordpress\/2014\/09\/formation\/conference-interculturelle-travailler-avec-des-chinois-lundi-13-octobre-2014-de-14h30-a-17h30\/","title":{"rendered":"Conf\u00e9rence Interculturelle : Travailler avec des Chinois \u2013 Lundi 13 Octobre 2014 de 14H30 \u00e0 17h30"},"content":{"rendered":"<p>Philippe Laurent, consultant de la soci\u00e9t\u00e9 AKTEOS (organisme de formation sp\u00e9cialis\u00e9 en formations interculturelles), animera une conf\u00e9rence sur le th\u00e8me \u00ab\u00a0Travailler avec des Chinois\u00a0\u00bb. Cette formation est propos\u00e9e dans le cadre du plan de formation et l\u2019acc\u00e8s est ouvert \u00e0 tous les salari\u00e9s d\u2019Alcatel-Lucent Enterprise, dans la limite de capacit\u00e9 d\u2019accueil de l\u2019Amphith\u00e9\u00e2tre.<\/p>\n<p>Vous \u00eates int\u00e9ress\u00e9s par un aper\u00e7u de la culture chinoise? Vous \u00eates amen\u00e9s \u00e0 avoir des relations professionnelles avec des Chinois et aimeriez d\u00e9coder le processus de travail et de d\u00e9cision des Chinois, mais aussi Adapter votre comportement, votre communication, votre style de management et de n\u00e9gociation\u00a0?<\/p>\n<p>Cette conf\u00e9rence vous \u00e9clairera sur les fondamentaux interculturels. <strong>Rendez-vous le lundi 13 Octobre \u00e0 14h30 \u00e0 l\u2019Amphi.<\/strong><\/p>\n","protected":false},"excerpt":{"rendered":"<p>Philippe Laurent, consultant de la soci\u00e9t\u00e9 AKTEOS (organisme de formation sp\u00e9cialis\u00e9 en formations interculturelles), animera une conf\u00e9rence sur le th\u00e8me \u00ab\u00a0Travailler avec des Chinois\u00a0\u00bb. Cette formation est propos\u00e9e dans le [&hellip;]<\/p>\n","protected":false},"author":1,"featured_media":0,"comment_status":"open","ping_status":"closed","sticky":false,"template":"","format":"standard","meta":{"footnotes":""},"categories":[12],"tags":[],"class_list":["post-12945","post","type-post","status-publish","format-standard","hentry","category-formation"],"publishpress_future_action":{"enabled":false,"date":"2026-05-07 12:30:55","action":"category","newStatus":"draft","terms":[],"taxonomy":"category","extraData":[]},"publishpress_future_workflow_manual_trigger":{"enabledWorkflows":[]},"_links":{"self":[{"href":"https:\/\/www.ce-illkirch.fr\/wordpress\/wp-json\/wp\/v2\/posts\/12945","targetHints":{"allow":["GET"]}}],"collection":[{"href":"https:\/\/www.ce-illkirch.fr\/wordpress\/wp-json\/wp\/v2\/posts"}],"about":[{"href":"https:\/\/www.ce-illkirch.fr\/wordpress\/wp-json\/wp\/v2\/types\/post"}],"author":[{"embeddable":true,"href":"https:\/\/www.ce-illkirch.fr\/wordpress\/wp-json\/wp\/v2\/users\/1"}],"replies":[{"embeddable":true,"href":"https:\/\/www.ce-illkirch.fr\/wordpress\/wp-json\/wp\/v2\/comments?post=12945"}],"version-history":[{"count":0,"href":"https:\/\/www.ce-illkirch.fr\/wordpress\/wp-json\/wp\/v2\/posts\/12945\/revisions"}],"wp:attachment":[{"href":"https:\/\/www.ce-illkirch.fr\/wordpress\/wp-json\/wp\/v2\/media?parent=12945"}],"wp:term":[{"taxonomy":"category","embeddable":true,"href":"https:\/\/www.ce-illkirch.fr\/wordpress\/wp-json\/wp\/v2\/categories?post=12945"},{"taxonomy":"post_tag","embeddable":true,"href":"https:\/\/www.ce-illkirch.fr\/wordpress\/wp-json\/wp\/v2\/tags?post=12945"}],"curies":[{"name":"wp","href":"https:\/\/api.w.org\/{rel}","templated":true}]}}