{"id":13144,"date":"2014-10-17T11:43:00","date_gmt":"2014-10-17T10:43:00","guid":{"rendered":"http:\/\/www.ce-illkirch.fr\/wordpress\/?p=13144"},"modified":"2014-10-17T11:43:00","modified_gmt":"2014-10-17T10:43:00","slug":"m-pokora-le-150815","status":"publish","type":"post","link":"https:\/\/www.ce-illkirch.fr\/wordpress\/2014\/10\/billet\/m-pokora-le-150815\/","title":{"rendered":"M. Pokora le 15\/08\/15"},"content":{"rendered":"<p><a href=\"http:\/\/www.ce-illkirch.fr\/wordpress\/wp-content\/uploads\/affiche_red_tour.jpg\"><img loading=\"lazy\" decoding=\"async\" class=\"alignleft size-medium wp-image-13145\" alt=\"affiche_red_tour\" src=\"http:\/\/www.ce-illkirch.fr\/wordpress\/wp-content\/uploads\/affiche_red_tour-300x176.jpg\" width=\"300\" height=\"176\" \/><\/a>Premi\u00e8re date de concert de la Foire aux Vins d&rsquo;Alsace 2015 : tourn\u00e9e R.E.D TOUR, la Foire aux Vins d&rsquo;Alsace accueillera M POKORA le 14 ao\u00fbt 2015.<\/p>\n<p>La date de mise en vente de ce concert est fix\u00e9e au lundi 20 octobre 2014 \u00e0 10h.<\/p>\n<p><strong>D\u00e9tails : <\/strong><\/p>\n<p>M POKORA (+ guest) : 14.08.2014 &#8211; 20h00 &#8211; tarif CE : 36.00 Eur<\/p>\n<p>\u00e0 commander au CE.<\/p>\n","protected":false},"excerpt":{"rendered":"<p>Premi\u00e8re date de concert de la Foire aux Vins d&rsquo;Alsace 2015 : tourn\u00e9e R.E.D TOUR, la Foire aux Vins d&rsquo;Alsace accueillera M POKORA le 14 ao\u00fbt 2015. La date de [&hellip;]<\/p>\n","protected":false},"author":1,"featured_media":0,"comment_status":"open","ping_status":"closed","sticky":false,"template":"","format":"standard","meta":{"footnotes":""},"categories":[6,9],"tags":[],"class_list":["post-13144","post","type-post","status-publish","format-standard","hentry","category-billet","category-concerts"],"publishpress_future_action":{"enabled":false,"date":"2026-05-10 18:09:49","action":"category","newStatus":"draft","terms":[],"taxonomy":"category","extraData":[]},"publishpress_future_workflow_manual_trigger":{"enabledWorkflows":[]},"_links":{"self":[{"href":"https:\/\/www.ce-illkirch.fr\/wordpress\/wp-json\/wp\/v2\/posts\/13144","targetHints":{"allow":["GET"]}}],"collection":[{"href":"https:\/\/www.ce-illkirch.fr\/wordpress\/wp-json\/wp\/v2\/posts"}],"about":[{"href":"https:\/\/www.ce-illkirch.fr\/wordpress\/wp-json\/wp\/v2\/types\/post"}],"author":[{"embeddable":true,"href":"https:\/\/www.ce-illkirch.fr\/wordpress\/wp-json\/wp\/v2\/users\/1"}],"replies":[{"embeddable":true,"href":"https:\/\/www.ce-illkirch.fr\/wordpress\/wp-json\/wp\/v2\/comments?post=13144"}],"version-history":[{"count":0,"href":"https:\/\/www.ce-illkirch.fr\/wordpress\/wp-json\/wp\/v2\/posts\/13144\/revisions"}],"wp:attachment":[{"href":"https:\/\/www.ce-illkirch.fr\/wordpress\/wp-json\/wp\/v2\/media?parent=13144"}],"wp:term":[{"taxonomy":"category","embeddable":true,"href":"https:\/\/www.ce-illkirch.fr\/wordpress\/wp-json\/wp\/v2\/categories?post=13144"},{"taxonomy":"post_tag","embeddable":true,"href":"https:\/\/www.ce-illkirch.fr\/wordpress\/wp-json\/wp\/v2\/tags?post=13144"}],"curies":[{"name":"wp","href":"https:\/\/api.w.org\/{rel}","templated":true}]}}