{"id":13665,"date":"2015-01-12T11:12:06","date_gmt":"2015-01-12T10:12:06","guid":{"rendered":"http:\/\/www.ce-illkirch.fr\/wordpress\/?p=13665"},"modified":"2015-01-12T11:12:06","modified_gmt":"2015-01-12T10:12:06","slug":"reunion-dinformation-action-logement-le-1901","status":"publish","type":"post","link":"https:\/\/www.ce-illkirch.fr\/wordpress\/2015\/01\/logement\/reunion-dinformation-action-logement-le-1901\/","title":{"rendered":"R\u00e9union d\u2019information Action Logement le 19\/01"},"content":{"rendered":"<p style=\"text-align: center;\"><a href=\"http:\/\/www.ce-illkirch.fr\/wordpress\/wp-content\/uploads\/Logement_Astria.jpg\"><img loading=\"lazy\" decoding=\"async\" class=\"alignleft size-full wp-image-13666\" alt=\"Logement_Astria\" src=\"http:\/\/www.ce-illkirch.fr\/wordpress\/wp-content\/uploads\/Logement_Astria.jpg\" width=\"166\" height=\"71\" \/><\/a>Astria et le Gic, vos partenaires Action Logement,<\/p>\n<p style=\"text-align: center;\">vous accompagnent dans vos projets logement<\/p>\n<p style=\"text-align: center;\">et r\u00e9pondront \u00e0 toutes vos questions<\/p>\n<p style=\"text-align: center;\"><a href=\"http:\/\/www.ce-illkirch.fr\/wordpress\/wp-content\/uploads\/Logement_GIC.jpg\"><img loading=\"lazy\" decoding=\"async\" class=\"alignleft size-full wp-image-13667\" alt=\"Logement_GIC\" src=\"http:\/\/www.ce-illkirch.fr\/wordpress\/wp-content\/uploads\/Logement_GIC.jpg\" width=\"142\" height=\"103\" \/><\/a>Lundi 19 janvier 2015<\/p>\n<p style=\"text-align: center;\">de 13h \u00e0 14 heures, en deux groupes de 1\/2 heure<\/p>\n<p style=\"text-align: center;\">dans l\u2019amphith\u00e9\u00e2tre<\/p>\n","protected":false},"excerpt":{"rendered":"<p>Astria et le Gic, vos partenaires Action Logement, vous accompagnent dans vos projets logement et r\u00e9pondront \u00e0 toutes vos questions Lundi 19 janvier 2015 de 13h \u00e0 14 heures, en [&hellip;]<\/p>\n","protected":false},"author":1,"featured_media":0,"comment_status":"open","ping_status":"closed","sticky":false,"template":"","format":"standard","meta":{"footnotes":""},"categories":[15],"tags":[],"class_list":["post-13665","post","type-post","status-publish","format-standard","hentry","category-logement"],"publishpress_future_action":{"enabled":false,"date":"2026-05-07 07:31:26","action":"category","newStatus":"draft","terms":[],"taxonomy":"category","extraData":[]},"publishpress_future_workflow_manual_trigger":{"enabledWorkflows":[]},"_links":{"self":[{"href":"https:\/\/www.ce-illkirch.fr\/wordpress\/wp-json\/wp\/v2\/posts\/13665","targetHints":{"allow":["GET"]}}],"collection":[{"href":"https:\/\/www.ce-illkirch.fr\/wordpress\/wp-json\/wp\/v2\/posts"}],"about":[{"href":"https:\/\/www.ce-illkirch.fr\/wordpress\/wp-json\/wp\/v2\/types\/post"}],"author":[{"embeddable":true,"href":"https:\/\/www.ce-illkirch.fr\/wordpress\/wp-json\/wp\/v2\/users\/1"}],"replies":[{"embeddable":true,"href":"https:\/\/www.ce-illkirch.fr\/wordpress\/wp-json\/wp\/v2\/comments?post=13665"}],"version-history":[{"count":0,"href":"https:\/\/www.ce-illkirch.fr\/wordpress\/wp-json\/wp\/v2\/posts\/13665\/revisions"}],"wp:attachment":[{"href":"https:\/\/www.ce-illkirch.fr\/wordpress\/wp-json\/wp\/v2\/media?parent=13665"}],"wp:term":[{"taxonomy":"category","embeddable":true,"href":"https:\/\/www.ce-illkirch.fr\/wordpress\/wp-json\/wp\/v2\/categories?post=13665"},{"taxonomy":"post_tag","embeddable":true,"href":"https:\/\/www.ce-illkirch.fr\/wordpress\/wp-json\/wp\/v2\/tags?post=13665"}],"curies":[{"name":"wp","href":"https:\/\/api.w.org\/{rel}","templated":true}]}}