{"id":14004,"date":"2019-11-27T08:49:24","date_gmt":"2019-11-27T07:49:24","guid":{"rendered":"http:\/\/www.ce-illkirch.fr\/wordpress\/?p=14004"},"modified":"2021-04-15T17:01:12","modified_gmt":"2021-04-15T15:01:12","slug":"foire-aux-vins-colmar-nouveaux-noms","status":"publish","type":"post","link":"https:\/\/www.ce-illkirch.fr\/wordpress\/2019\/11\/billet\/foire-aux-vins-colmar-nouveaux-noms\/","title":{"rendered":"Foire aux vins Colmar 20"},"content":{"rendered":"<p style=\"text-align: left;\" align=\"center\">Les premiers noms, ouverture des ventes demain 28\/11, si vous voulez r\u00e9server envoyez un mail \u00e0 C\u00e9line<\/p>\n<p>Deep Purple 24\/07 &#8211; 46 \u20ac<\/p>\n<p>Mika &#8211; Claudio Cap\u00e9o 25\/07 &#8211; 35 \u20ac<\/p>\n<p><img loading=\"lazy\" decoding=\"async\" class=\"wp-image-26392 alignleft\" src=\"https:\/\/www.ce-illkirch.fr\/wordpress\/wp-content\/uploads\/Therapie-Taxi-Hit-Sale.jpg\" alt=\"\" width=\"79\" height=\"79\" srcset=\"https:\/\/www.ce-illkirch.fr\/wordpress\/wp-content\/uploads\/Therapie-Taxi-Hit-Sale.jpg 170w, https:\/\/www.ce-illkirch.fr\/wordpress\/wp-content\/uploads\/Therapie-Taxi-Hit-Sale-150x150.jpg 150w, https:\/\/www.ce-illkirch.fr\/wordpress\/wp-content\/uploads\/Therapie-Taxi-Hit-Sale-125x125.jpg 125w, https:\/\/www.ce-illkirch.fr\/wordpress\/wp-content\/uploads\/Therapie-Taxi-Hit-Sale-64x64.jpg 64w, https:\/\/www.ce-illkirch.fr\/wordpress\/wp-content\/uploads\/Therapie-Taxi-Hit-Sale-110x110.jpg 110w, https:\/\/www.ce-illkirch.fr\/wordpress\/wp-content\/uploads\/Therapie-Taxi-Hit-Sale-120x120.jpg 120w\" sizes=\"auto, (max-width: 79px) 100vw, 79px\" \/>Rom\u00e9o Elvis \/ Th\u00e9rapie Taxi 28\/07 &#8211; 31 \u20ac<\/p>\n<p>Ang\u00e8le \/ Tsew the Kid 29\/07 &#8211; 38 \u20ac<\/p>\n<p>Jean-Baptiste Gu\u00e9gan 1\/08 -27 \u20ac<\/p>\n<p>Tarifs r\u00e9duits par le CSE<\/p>\n","protected":false},"excerpt":{"rendered":"<p>Les premiers noms, ouverture des ventes demain 28\/11, si vous voulez r\u00e9server envoyez un mail \u00e0 C\u00e9line Deep Purple 24\/07 &#8211; 46 \u20ac Mika &#8211; Claudio Cap\u00e9o 25\/07 &#8211; 35 [&hellip;]<\/p>\n","protected":false},"author":1,"featured_media":26391,"comment_status":"open","ping_status":"closed","sticky":false,"template":"","format":"standard","meta":{"footnotes":""},"categories":[6,9],"tags":[],"class_list":["post-14004","post","type-post","status-publish","format-standard","has-post-thumbnail","hentry","category-billet","category-concerts"],"publishpress_future_action":{"enabled":false,"date":"2026-05-09 11:12:30","action":"category","newStatus":"draft","terms":[],"taxonomy":"category","extraData":[]},"publishpress_future_workflow_manual_trigger":{"enabledWorkflows":[]},"_links":{"self":[{"href":"https:\/\/www.ce-illkirch.fr\/wordpress\/wp-json\/wp\/v2\/posts\/14004","targetHints":{"allow":["GET"]}}],"collection":[{"href":"https:\/\/www.ce-illkirch.fr\/wordpress\/wp-json\/wp\/v2\/posts"}],"about":[{"href":"https:\/\/www.ce-illkirch.fr\/wordpress\/wp-json\/wp\/v2\/types\/post"}],"author":[{"embeddable":true,"href":"https:\/\/www.ce-illkirch.fr\/wordpress\/wp-json\/wp\/v2\/users\/1"}],"replies":[{"embeddable":true,"href":"https:\/\/www.ce-illkirch.fr\/wordpress\/wp-json\/wp\/v2\/comments?post=14004"}],"version-history":[{"count":4,"href":"https:\/\/www.ce-illkirch.fr\/wordpress\/wp-json\/wp\/v2\/posts\/14004\/revisions"}],"predecessor-version":[{"id":26395,"href":"https:\/\/www.ce-illkirch.fr\/wordpress\/wp-json\/wp\/v2\/posts\/14004\/revisions\/26395"}],"wp:featuredmedia":[{"embeddable":true,"href":"https:\/\/www.ce-illkirch.fr\/wordpress\/wp-json\/wp\/v2\/media\/26391"}],"wp:attachment":[{"href":"https:\/\/www.ce-illkirch.fr\/wordpress\/wp-json\/wp\/v2\/media?parent=14004"}],"wp:term":[{"taxonomy":"category","embeddable":true,"href":"https:\/\/www.ce-illkirch.fr\/wordpress\/wp-json\/wp\/v2\/categories?post=14004"},{"taxonomy":"post_tag","embeddable":true,"href":"https:\/\/www.ce-illkirch.fr\/wordpress\/wp-json\/wp\/v2\/tags?post=14004"}],"curies":[{"name":"wp","href":"https:\/\/api.w.org\/{rel}","templated":true}]}}