{"id":14450,"date":"2022-08-22T09:05:07","date_gmt":"2022-08-22T07:05:07","guid":{"rendered":"http:\/\/www.ce-illkirch.fr\/wordpress\/?p=14450"},"modified":"2023-08-17T10:10:14","modified_gmt":"2023-08-17T08:10:14","slug":"initiation-yoga","status":"publish","type":"post","link":"https:\/\/www.ce-illkirch.fr\/wordpress\/2022\/08\/loisirs\/initiation-yoga\/","title":{"rendered":"Activit\u00e9 Yoga : automne 2022"},"content":{"rendered":"<p>L\u2019activit\u00e9 Yoga sur le site reprend le <strong>jeudi de 12h \u00e0 13h15<\/strong>.<strong><br \/>\n<\/strong><\/p>\n<p>Les s\u00e9ances se d\u00e9roulent en salle Bell (b\u00e2timent B0).<\/p>\n<ul>\n<li>Le cours est ouvert aux d\u00e9butants comme aux confirm\u00e9s, avec une initiation lors des 2 premi\u00e8res s\u00e9ances.<\/li>\n<li>Tenue\u00a0: T-shirt et short\/legging. Le Yoga se pratique pieds nus sur tapis. Vous pouvez venir chang\u00e9 ou vous changer sur place.<\/li>\n<li>Tout le mat\u00e9riel n\u00e9cessaire est fourni par le CSE.<\/li>\n<li>La formule tarifaire est valable avec <strong>10 inscrits mini. <\/strong>Le tarif d\u00e9pend du nombre de s\u00e9ances dans le trimestre. Pour le 1er trimestre 2022-2023 :<strong><br \/>\n<\/strong><\/p>\n<ul>\n<li>forfait 70 \u20ac\u00a0 pour 14 s\u00e9ances (employ\u00e9s ALE)<\/li>\n<li>forfait 98\u20ac pour 14 s\u00e9ances (ext\u00e9rieurs)<\/li>\n<li>8 \u20ac \u00e0 l\u2019unit\u00e9 pour les employ\u00e9s ALE<\/li>\n<li>5 \u20ac la s\u00e9ance d\u2019essai<\/li>\n<\/ul>\n<\/li>\n<\/ul>\n<p style=\"text-align: justify;\">\u00a0<a href=\"http:\/\/www.ce-illkirch.fr\/wordpress\/wp-content\/uploads\/Yoga-Nathalie-Ehlig.docx\" target=\"_blank\" rel=\"noopener\">D\u00e9tails<\/a> sur l&rsquo;intervenante Nathalie<\/p>\n","protected":false},"excerpt":{"rendered":"<p>L\u2019activit\u00e9 Yoga sur le site reprend le jeudi de 12h \u00e0 13h15. Les s\u00e9ances se d\u00e9roulent en salle Bell (b\u00e2timent B0). Le cours est ouvert aux d\u00e9butants comme aux confirm\u00e9s, [&hellip;]<\/p>\n","protected":false},"author":1,"featured_media":20568,"comment_status":"open","ping_status":"closed","sticky":false,"template":"","format":"standard","meta":{"footnotes":""},"categories":[16,29],"tags":[],"class_list":["post-14450","post","type-post","status-publish","format-standard","has-post-thumbnail","hentry","category-loisirs","category-scabsi"],"publishpress_future_action":{"enabled":false,"date":"2026-05-09 07:11:49","action":"category","newStatus":"draft","terms":[],"taxonomy":"category","extraData":[]},"publishpress_future_workflow_manual_trigger":{"enabledWorkflows":[]},"_links":{"self":[{"href":"https:\/\/www.ce-illkirch.fr\/wordpress\/wp-json\/wp\/v2\/posts\/14450","targetHints":{"allow":["GET"]}}],"collection":[{"href":"https:\/\/www.ce-illkirch.fr\/wordpress\/wp-json\/wp\/v2\/posts"}],"about":[{"href":"https:\/\/www.ce-illkirch.fr\/wordpress\/wp-json\/wp\/v2\/types\/post"}],"author":[{"embeddable":true,"href":"https:\/\/www.ce-illkirch.fr\/wordpress\/wp-json\/wp\/v2\/users\/1"}],"replies":[{"embeddable":true,"href":"https:\/\/www.ce-illkirch.fr\/wordpress\/wp-json\/wp\/v2\/comments?post=14450"}],"version-history":[{"count":10,"href":"https:\/\/www.ce-illkirch.fr\/wordpress\/wp-json\/wp\/v2\/posts\/14450\/revisions"}],"predecessor-version":[{"id":32123,"href":"https:\/\/www.ce-illkirch.fr\/wordpress\/wp-json\/wp\/v2\/posts\/14450\/revisions\/32123"}],"wp:featuredmedia":[{"embeddable":true,"href":"https:\/\/www.ce-illkirch.fr\/wordpress\/wp-json\/wp\/v2\/media\/20568"}],"wp:attachment":[{"href":"https:\/\/www.ce-illkirch.fr\/wordpress\/wp-json\/wp\/v2\/media?parent=14450"}],"wp:term":[{"taxonomy":"category","embeddable":true,"href":"https:\/\/www.ce-illkirch.fr\/wordpress\/wp-json\/wp\/v2\/categories?post=14450"},{"taxonomy":"post_tag","embeddable":true,"href":"https:\/\/www.ce-illkirch.fr\/wordpress\/wp-json\/wp\/v2\/tags?post=14450"}],"curies":[{"name":"wp","href":"https:\/\/api.w.org\/{rel}","templated":true}]}}