{"id":14530,"date":"2022-02-18T09:32:59","date_gmt":"2022-02-18T08:32:59","guid":{"rendered":"http:\/\/www.ce-illkirch.fr\/wordpress\/?p=14530"},"modified":"2022-08-25T08:43:37","modified_gmt":"2022-08-25T06:43:37","slug":"courses-wantz","status":"publish","type":"post","link":"https:\/\/www.ce-illkirch.fr\/wordpress\/2022\/02\/scabsi\/courses-wantz\/","title":{"rendered":"Courses Wantzenau 13\/03\/22"},"content":{"rendered":"<p>Le 13 mars auront lieu les courses de la Wantzenau\u00a0: Semi-marathon (10h30) sur chemin et route mesur\u00e9 (label r\u00e9gional) et 5 Km sur route (10h45).<\/p>\n<p>Vous pouvez vous y inscrire en individuel et m\u2019envoyer le justificatif pour le remboursement (pas d\u2019inscription groupe).<\/p>\n<p><a href=\"https:\/\/www.le-sportif.com\/CalendarDetail\/CalendarDetail.aspx?EventID=179618\">https:\/\/www.le-sportif.com\/CalendarDetail\/CalendarDetail.aspx?EventID=179618<\/a><\/p>\n<p>Retrait des dossards : Espace sportif JC Klein de la Wantzenau samedi 12 mars \u00e0 partir de 16h00 et dimanche matin 13 mars \u00e0 partir de 08h00.<\/p>\n<p>Pour rappel, cette course est ouverte \u00e0 tous les salari\u00e9s du site, aux retrait\u00e9s ainsi qu\u2019\u00e0 leur famille proche (\u00e9poux\/\u00e9pouse et enfants).<\/p>\n<p>Claire Dechrist\u00e9<\/p>\n","protected":false},"excerpt":{"rendered":"<p>Le 13 mars auront lieu les courses de la Wantzenau\u00a0: Semi-marathon (10h30) sur chemin et route mesur\u00e9 (label r\u00e9gional) et 5 Km sur route (10h45). Vous pouvez vous y inscrire [&hellip;]<\/p>\n","protected":false},"author":1,"featured_media":29842,"comment_status":"open","ping_status":"closed","sticky":false,"template":"","format":"standard","meta":{"footnotes":""},"categories":[45,29],"tags":[],"class_list":["post-14530","post","type-post","status-publish","format-standard","has-post-thumbnail","hentry","category-athle","category-scabsi"],"publishpress_future_action":{"enabled":false,"date":"2026-05-07 04:39:09","action":"category","newStatus":"draft","terms":[],"taxonomy":"category","extraData":[]},"publishpress_future_workflow_manual_trigger":{"enabledWorkflows":[]},"_links":{"self":[{"href":"https:\/\/www.ce-illkirch.fr\/wordpress\/wp-json\/wp\/v2\/posts\/14530","targetHints":{"allow":["GET"]}}],"collection":[{"href":"https:\/\/www.ce-illkirch.fr\/wordpress\/wp-json\/wp\/v2\/posts"}],"about":[{"href":"https:\/\/www.ce-illkirch.fr\/wordpress\/wp-json\/wp\/v2\/types\/post"}],"author":[{"embeddable":true,"href":"https:\/\/www.ce-illkirch.fr\/wordpress\/wp-json\/wp\/v2\/users\/1"}],"replies":[{"embeddable":true,"href":"https:\/\/www.ce-illkirch.fr\/wordpress\/wp-json\/wp\/v2\/comments?post=14530"}],"version-history":[{"count":6,"href":"https:\/\/www.ce-illkirch.fr\/wordpress\/wp-json\/wp\/v2\/posts\/14530\/revisions"}],"predecessor-version":[{"id":29843,"href":"https:\/\/www.ce-illkirch.fr\/wordpress\/wp-json\/wp\/v2\/posts\/14530\/revisions\/29843"}],"wp:featuredmedia":[{"embeddable":true,"href":"https:\/\/www.ce-illkirch.fr\/wordpress\/wp-json\/wp\/v2\/media\/29842"}],"wp:attachment":[{"href":"https:\/\/www.ce-illkirch.fr\/wordpress\/wp-json\/wp\/v2\/media?parent=14530"}],"wp:term":[{"taxonomy":"category","embeddable":true,"href":"https:\/\/www.ce-illkirch.fr\/wordpress\/wp-json\/wp\/v2\/categories?post=14530"},{"taxonomy":"post_tag","embeddable":true,"href":"https:\/\/www.ce-illkirch.fr\/wordpress\/wp-json\/wp\/v2\/tags?post=14530"}],"curies":[{"name":"wp","href":"https:\/\/api.w.org\/{rel}","templated":true}]}}