{"id":15813,"date":"2015-11-03T09:00:21","date_gmt":"2015-11-03T08:00:21","guid":{"rendered":"http:\/\/www.ce-illkirch.fr\/wordpress\/?p=15813"},"modified":"2023-07-06T13:23:22","modified_gmt":"2023-07-06T11:23:22","slug":"lhomme-face-au-changement-climatique","status":"publish","type":"post","link":"https:\/\/www.ce-illkirch.fr\/wordpress\/2015\/11\/ecologie\/lhomme-face-au-changement-climatique\/","title":{"rendered":"\u00ab L\u2019homme face au changement climatique \u00bb"},"content":{"rendered":"<h3 align=\"center\"><a href=\"http:\/\/www.ce-illkirch.fr\/wordpress\/wp-content\/uploads\/cop21-label.png\"><img loading=\"lazy\" decoding=\"async\" class=\"alignleft size-full wp-image-15814\" alt=\"cop21-label\" src=\"http:\/\/www.ce-illkirch.fr\/wordpress\/wp-content\/uploads\/cop21-label.png\" width=\"150\" height=\"150\" \/><\/a>Cycle de conf\u00e9rences co-organis\u00e9 avec le CNRS.<\/h3>\n<p>La France accueillera du 30 novembre au 11 d\u00e9cembre prochain la <strong>21<sup>e<\/sup> conf\u00e9rence des Nations unies<\/strong> sur les changements climatiques (<strong>COP 21<\/strong>). L\u2019enjeu est crucial puisqu\u2019elle doit aboutir \u00e0 un nouvel accord international sur le climat, dans l\u2019objectif de maintenir le r\u00e9chauffement climatique mondial en de\u00e7\u00e0 de 2\u00b0C.<\/p>\n<p>Le Jardin des sciences \u2013 <em>Strasbourg<\/em> \u2013 et le CNRS accompagnent cet \u00e9v\u00e9nement exceptionnel \u00e0 travers un cycle de conf\u00e9rences d\u00e9di\u00e9, les jeudis \u00e0 18h.<\/p>\n<p><a title=\"Programme des conf\u00e9rences\" href=\"https:\/\/jardin-sciences.unistra.fr\/\" target=\"_blank\" rel=\"noopener\">Programme d\u00e9taill\u00e9 des conf\u00e9rences<\/a>\u00a0\u00a0 ENTR\u00c9E LIBRE TOUT PUBLIC<\/p>\n<div data-canvas-width=\"130.85933333333332\">\n<div data-canvas-width=\"18.3\">\n<div>5 nov : G\u00e9othermie profonde : la recherche en Alsace aujourd\u2019hui<\/p>\n<div data-canvas-width=\"382.1333333333333\">\n<div>12 nov : Quelle attitude face \u00e0 mon empreinte carbone ?<\/div>\n<div>19 nov : L\u2019\u00e9tude des climats du pass\u00e9 pour comprendre le r\u00e9chauffement actuel<\/p>\n<div data-canvas-width=\"275.29999999999995\">26 nov : Le rapport de l\u2019homme \u00e0 la nature : Le regard d\u2019une philosophe<\/p>\n<div data-canvas-width=\"307.16666666666663\"><\/div>\n<div data-canvas-width=\"307.16666666666663\">\n<div data-canvas-width=\"106.11666666666666\">Amphith\u00e9\u00e2tre Fresnel, Institut de physique<\/div>\n<div data-canvas-width=\"58.11666666666666\">3 rue de l\u2019Universit\u00e9, Strasbourg<\/div>\n<div data-canvas-width=\"135.43333333333337\">jardin-sciences.unistra.fr<\/div>\n<div data-canvas-width=\"135.43333333333337\"><\/div>\n<\/div>\n<\/div>\n<\/div>\n<\/div>\n<\/div>\n<\/div>\n<\/div>\n<div data-canvas-width=\"130.85933333333332\"><strong>Herv\u00e9 Le Treut, climatologue du GIEC <\/strong>donnera le<strong> 27 novembre\u00a0<strong>\u00e0 20h<\/strong> la conf\u00e9rence de cl\u00f4ture consacr\u00e9e aux changements climatiques \u00e0 venir <\/strong>au cours de ce si\u00e8cle. A l&rsquo;amphith\u00e9\u00e2tre Cavaill\u00e8s \/ La Patio, 22 rue Ren\u00e9 Descartes, STRASBOURG<strong><br \/>\n<\/strong><\/div>\n","protected":false},"excerpt":{"rendered":"<p>Cycle de conf\u00e9rences co-organis\u00e9 avec le CNRS. La France accueillera du 30 novembre au 11 d\u00e9cembre prochain la 21e conf\u00e9rence des Nations unies sur les changements climatiques (COP 21). L\u2019enjeu [&hellip;]<\/p>\n","protected":false},"author":1,"featured_media":0,"comment_status":"open","ping_status":"closed","sticky":false,"template":"","format":"standard","meta":{"footnotes":""},"categories":[10,12],"tags":[],"class_list":["post-15813","post","type-post","status-publish","format-standard","hentry","category-ecologie","category-formation"],"publishpress_future_action":{"enabled":false,"date":"2026-05-08 12:59:21","action":"category","newStatus":"draft","terms":[],"taxonomy":"category","extraData":[]},"publishpress_future_workflow_manual_trigger":{"enabledWorkflows":[]},"_links":{"self":[{"href":"https:\/\/www.ce-illkirch.fr\/wordpress\/wp-json\/wp\/v2\/posts\/15813","targetHints":{"allow":["GET"]}}],"collection":[{"href":"https:\/\/www.ce-illkirch.fr\/wordpress\/wp-json\/wp\/v2\/posts"}],"about":[{"href":"https:\/\/www.ce-illkirch.fr\/wordpress\/wp-json\/wp\/v2\/types\/post"}],"author":[{"embeddable":true,"href":"https:\/\/www.ce-illkirch.fr\/wordpress\/wp-json\/wp\/v2\/users\/1"}],"replies":[{"embeddable":true,"href":"https:\/\/www.ce-illkirch.fr\/wordpress\/wp-json\/wp\/v2\/comments?post=15813"}],"version-history":[{"count":1,"href":"https:\/\/www.ce-illkirch.fr\/wordpress\/wp-json\/wp\/v2\/posts\/15813\/revisions"}],"predecessor-version":[{"id":33491,"href":"https:\/\/www.ce-illkirch.fr\/wordpress\/wp-json\/wp\/v2\/posts\/15813\/revisions\/33491"}],"wp:attachment":[{"href":"https:\/\/www.ce-illkirch.fr\/wordpress\/wp-json\/wp\/v2\/media?parent=15813"}],"wp:term":[{"taxonomy":"category","embeddable":true,"href":"https:\/\/www.ce-illkirch.fr\/wordpress\/wp-json\/wp\/v2\/categories?post=15813"},{"taxonomy":"post_tag","embeddable":true,"href":"https:\/\/www.ce-illkirch.fr\/wordpress\/wp-json\/wp\/v2\/tags?post=15813"}],"curies":[{"name":"wp","href":"https:\/\/api.w.org\/{rel}","templated":true}]}}