{"id":15954,"date":"2015-10-19T20:21:02","date_gmt":"2015-10-19T19:21:02","guid":{"rendered":"http:\/\/www.ce-illkirch.fr\/wordpress\/?p=15954"},"modified":"2015-10-19T20:21:02","modified_gmt":"2015-10-19T19:21:02","slug":"comprendre-les-enjeux-de-la-cop21-en-dix-chiffres","status":"publish","type":"post","link":"https:\/\/www.ce-illkirch.fr\/wordpress\/2015\/10\/ecologie\/comprendre-les-enjeux-de-la-cop21-en-dix-chiffres\/","title":{"rendered":"Comprendre les enjeux de la COP21 en dix chiffres"},"content":{"rendered":"<p><a href=\"http:\/\/www.ce-illkirch.fr\/wordpress\/wp-content\/uploads\/ComprendreCOP21.jpg\"><img loading=\"lazy\" decoding=\"async\" class=\"alignleft size-full wp-image-15955\" alt=\"ComprendreCOP21\" src=\"http:\/\/www.ce-illkirch.fr\/wordpress\/wp-content\/uploads\/ComprendreCOP21.jpg\" width=\"164\" height=\"82\" \/><\/a><\/p>\n<div>Les Etats signataires de la convention-cadre des Nations unies sur les changements climatiques se r\u00e9uniront du 30 novembre au 11 d\u00e9cembre \u00e0 Paris pour n\u00e9gocier un accord d\u00e9cisif, qui doit remplacer d\u00e8s 2020 le protocole de Kyoto. Combien d\u2019Etats n\u00e9gocient\u00a0? Sur quelles bases\u00a0? Quels sont les seuils \u00e0 ne pas d\u00e9passer pour limiter les d\u00e9g\u00e2ts pour la plan\u00e8te\u00a0? Eclairage en 10 chiffres et en moins de 5 minutes.<\/div>\n<p>sur http:\/\/www.lemonde.fr\/cop21\/video\/2015\/10\/19\/comprendre-les-enjeux-de-la-cop-21-en-dix-chiffres_4792359_4527432.html#OGMDLLfTgZS3Ewyv.99<\/p>\n","protected":false},"excerpt":{"rendered":"<p>Les Etats signataires de la convention-cadre des Nations unies sur les changements climatiques se r\u00e9uniront du 30 novembre au 11 d\u00e9cembre \u00e0 Paris pour n\u00e9gocier un accord d\u00e9cisif, qui doit [&hellip;]<\/p>\n","protected":false},"author":1,"featured_media":0,"comment_status":"open","ping_status":"closed","sticky":false,"template":"","format":"standard","meta":{"footnotes":""},"categories":[10],"tags":[],"class_list":["post-15954","post","type-post","status-publish","format-standard","hentry","category-ecologie"],"publishpress_future_action":{"enabled":false,"date":"2026-05-08 13:17:16","action":"category","newStatus":"draft","terms":[],"taxonomy":"category","extraData":[]},"publishpress_future_workflow_manual_trigger":{"enabledWorkflows":[]},"_links":{"self":[{"href":"https:\/\/www.ce-illkirch.fr\/wordpress\/wp-json\/wp\/v2\/posts\/15954","targetHints":{"allow":["GET"]}}],"collection":[{"href":"https:\/\/www.ce-illkirch.fr\/wordpress\/wp-json\/wp\/v2\/posts"}],"about":[{"href":"https:\/\/www.ce-illkirch.fr\/wordpress\/wp-json\/wp\/v2\/types\/post"}],"author":[{"embeddable":true,"href":"https:\/\/www.ce-illkirch.fr\/wordpress\/wp-json\/wp\/v2\/users\/1"}],"replies":[{"embeddable":true,"href":"https:\/\/www.ce-illkirch.fr\/wordpress\/wp-json\/wp\/v2\/comments?post=15954"}],"version-history":[{"count":0,"href":"https:\/\/www.ce-illkirch.fr\/wordpress\/wp-json\/wp\/v2\/posts\/15954\/revisions"}],"wp:attachment":[{"href":"https:\/\/www.ce-illkirch.fr\/wordpress\/wp-json\/wp\/v2\/media?parent=15954"}],"wp:term":[{"taxonomy":"category","embeddable":true,"href":"https:\/\/www.ce-illkirch.fr\/wordpress\/wp-json\/wp\/v2\/categories?post=15954"},{"taxonomy":"post_tag","embeddable":true,"href":"https:\/\/www.ce-illkirch.fr\/wordpress\/wp-json\/wp\/v2\/tags?post=15954"}],"curies":[{"name":"wp","href":"https:\/\/api.w.org\/{rel}","templated":true}]}}