{"id":16000,"date":"2015-11-20T09:00:25","date_gmt":"2015-11-20T08:00:25","guid":{"rendered":"http:\/\/www.ce-illkirch.fr\/wordpress\/?p=16000"},"modified":"2015-11-20T09:00:25","modified_gmt":"2015-11-20T08:00:25","slug":"jrtt-formation-developpement-durable","status":"publish","type":"post","link":"https:\/\/www.ce-illkirch.fr\/wordpress\/2015\/11\/ecologie\/jrtt-formation-developpement-durable\/","title":{"rendered":"JRTT Formation : D\u00e9veloppement durable"},"content":{"rendered":"<p><a href=\"http:\/\/www.ce-illkirch.fr\/wordpress\/wp-content\/uploads\/HolisticEnv.jpg\"><img loading=\"lazy\" decoding=\"async\" class=\"alignleft size-full wp-image-16001\" alt=\"HolisticEnv\" src=\"http:\/\/www.ce-illkirch.fr\/wordpress\/wp-content\/uploads\/HolisticEnv.jpg\" width=\"128\" height=\"115\" \/><\/a>\u00a0Il reste des places ! Date limite d&rsquo;inscription le 27 novembre.<\/p>\n<p>La Commission Formation du CE et le Service Formation vous proposent une conf\u00e9rence le<strong> jeudi 3 d\u00e9cembre <\/strong>(journ\u00e9e compl\u00e8te) sur le d\u00e9veloppement durable. Les th\u00e9matiques abord\u00e9es seront les suivantes :<\/p>\n<ol>\n<li>L\u2019\u00e9tat du monde : Epuisement des ressources, pollutions, in\u00e9galit\u00e9s, pourquoi le d\u00e9veloppement durable ?<\/li>\n<li>L\u2019histoire et les principes du d\u00e9veloppement durable, les enjeux et les objectifs<\/li>\n<li>La responsabilit\u00e9 soci\u00e9tale des organisations et les investissements socialement responsables<\/li>\n<li>Les approches culturelles, philosophiques et religieuses de l\u2019ISR et leur r\u00e9flexion sur les mod\u00e8les \u00e9conomiques<\/li>\n<li>Les leviers d\u2019actions pour les salari\u00e9s et les bonnes pratiques de RSE<\/li>\n<li>Les d\u00e9marches de progr\u00e8s orient\u00e9es sur l\u2019organisation<\/li>\n<li>Les d\u00e9marches de progr\u00e8s orient\u00e9es sur les produits et les services<\/li>\n<li>La sensibilisation et l\u2019implication dans les d\u00e9marches de responsabilit\u00e9 soci\u00e9tale<\/li>\n<li>La communication externe de la RSE et de l\u2019ISR<\/li>\n<li>La mise en oeuvre au sein des entreprises : retour d\u2019exp\u00e9riences<\/li>\n<li>Une soci\u00e9t\u00e9 en changement : nouveaux mod\u00e8les \u00e9conomiques et financiers et int\u00e9gration de ces nouveaux mod\u00e8les dans les grandes entreprises<\/li>\n<\/ol>\n<p><strong>Inscription via le Doodle envoy\u00e9 par le Service Formation le 27\/10<\/strong><\/p>\n","protected":false},"excerpt":{"rendered":"<p>\u00a0Il reste des places ! Date limite d&rsquo;inscription le 27 novembre. La Commission Formation du CE et le Service Formation vous proposent une conf\u00e9rence le jeudi 3 d\u00e9cembre (journ\u00e9e compl\u00e8te) [&hellip;]<\/p>\n","protected":false},"author":1,"featured_media":0,"comment_status":"open","ping_status":"closed","sticky":false,"template":"","format":"standard","meta":{"footnotes":""},"categories":[10,12],"tags":[],"class_list":["post-16000","post","type-post","status-publish","format-standard","hentry","category-ecologie","category-formation"],"publishpress_future_action":{"enabled":false,"date":"2026-05-08 11:40:26","action":"category","newStatus":"draft","terms":[],"taxonomy":"category","extraData":[]},"publishpress_future_workflow_manual_trigger":{"enabledWorkflows":[]},"_links":{"self":[{"href":"https:\/\/www.ce-illkirch.fr\/wordpress\/wp-json\/wp\/v2\/posts\/16000","targetHints":{"allow":["GET"]}}],"collection":[{"href":"https:\/\/www.ce-illkirch.fr\/wordpress\/wp-json\/wp\/v2\/posts"}],"about":[{"href":"https:\/\/www.ce-illkirch.fr\/wordpress\/wp-json\/wp\/v2\/types\/post"}],"author":[{"embeddable":true,"href":"https:\/\/www.ce-illkirch.fr\/wordpress\/wp-json\/wp\/v2\/users\/1"}],"replies":[{"embeddable":true,"href":"https:\/\/www.ce-illkirch.fr\/wordpress\/wp-json\/wp\/v2\/comments?post=16000"}],"version-history":[{"count":0,"href":"https:\/\/www.ce-illkirch.fr\/wordpress\/wp-json\/wp\/v2\/posts\/16000\/revisions"}],"wp:attachment":[{"href":"https:\/\/www.ce-illkirch.fr\/wordpress\/wp-json\/wp\/v2\/media?parent=16000"}],"wp:term":[{"taxonomy":"category","embeddable":true,"href":"https:\/\/www.ce-illkirch.fr\/wordpress\/wp-json\/wp\/v2\/categories?post=16000"},{"taxonomy":"post_tag","embeddable":true,"href":"https:\/\/www.ce-illkirch.fr\/wordpress\/wp-json\/wp\/v2\/tags?post=16000"}],"curies":[{"name":"wp","href":"https:\/\/api.w.org\/{rel}","templated":true}]}}