{"id":16044,"date":"2015-11-04T09:34:11","date_gmt":"2015-11-04T08:34:11","guid":{"rendered":"http:\/\/www.ce-illkirch.fr\/wordpress\/?p=16044"},"modified":"2015-11-04T09:34:11","modified_gmt":"2015-11-04T08:34:11","slug":"enquete-nationale-sur-des-services-velos-a-destination-des-salaries","status":"publish","type":"post","link":"https:\/\/www.ce-illkirch.fr\/wordpress\/2015\/11\/ecologie\/enquete-nationale-sur-des-services-velos-a-destination-des-salaries\/","title":{"rendered":"Enqu\u00eate nationale sur des services v\u00e9los \u00e0 destination des salari\u00e9s"},"content":{"rendered":"<p><a href=\"http:\/\/www.ce-illkirch.fr\/wordpress\/wp-content\/uploads\/ADEME_v\u00e9lo.jpg\"><img loading=\"lazy\" decoding=\"async\" class=\"alignleft size-full wp-image-16045\" alt=\"ADEME_v\u00e9lo\" src=\"http:\/\/www.ce-illkirch.fr\/wordpress\/wp-content\/uploads\/ADEME_v\u00e9lo.jpg\" width=\"205\" height=\"128\" \/><\/a>L\u2019ADEME, en partenariat avec le club des villes et territoires cyclables, lance une enqu\u00eate nationale sur les services v\u00e9lo.<\/p>\n<p><span style=\"text-decoration: underline;\"><a href=\"http:\/\/vip.sphinxonline.net\/alter\/enquetesalarie\/questionnaire.htm\">http:\/\/vip.sphinxonline.net\/alter\/enquetesalarie\/questionnaire.htm<\/a><\/span><i><br \/>\n<\/i><\/p>\n<p>Ces retours d\u2019exp\u00e9rience permettront de mieux comprendre l\u2019utilisation de ces services et de mettre en avant les points forts de chaque service qui pourraient \u00eatre dupliqu\u00e9s ainsi que les points faibles \u00e0 am\u00e9liorer. Ce questionnaire s\u2019adresse \u00e0 tous les usagers actuels ou ayant r\u00e9cemment utilis\u00e9 au moins un des services v\u00e9lo pr\u00e9sent(s) dans l\u2019entreprise.<\/p>\n<p>Le questionnaire est \u00e0 compl\u00e9ter <strong>avant le 27 Novembre 2015<\/strong>. Le temps de r\u00e9ponse n\u2019exc\u00e8de pas 10 minutes. <strong>Nom de l&rsquo;entreprise : ALE<\/strong><\/p>\n<p>Merci d\u2019avance pour votre participation \u00e0 cette enqu\u00eate.<\/p>\n<p>&nbsp;<\/p>\n","protected":false},"excerpt":{"rendered":"<p>L\u2019ADEME, en partenariat avec le club des villes et territoires cyclables, lance une enqu\u00eate nationale sur les services v\u00e9lo. http:\/\/vip.sphinxonline.net\/alter\/enquetesalarie\/questionnaire.htm Ces retours d\u2019exp\u00e9rience permettront de mieux comprendre l\u2019utilisation de ces [&hellip;]<\/p>\n","protected":false},"author":1,"featured_media":0,"comment_status":"open","ping_status":"closed","sticky":false,"template":"","format":"standard","meta":{"footnotes":""},"categories":[10,39],"tags":[],"class_list":["post-16044","post","type-post","status-publish","format-standard","hentry","category-ecologie","category-transport"],"publishpress_future_action":{"enabled":false,"date":"2026-05-07 21:41:17","action":"category","newStatus":"draft","terms":[],"taxonomy":"category","extraData":[]},"publishpress_future_workflow_manual_trigger":{"enabledWorkflows":[]},"_links":{"self":[{"href":"https:\/\/www.ce-illkirch.fr\/wordpress\/wp-json\/wp\/v2\/posts\/16044","targetHints":{"allow":["GET"]}}],"collection":[{"href":"https:\/\/www.ce-illkirch.fr\/wordpress\/wp-json\/wp\/v2\/posts"}],"about":[{"href":"https:\/\/www.ce-illkirch.fr\/wordpress\/wp-json\/wp\/v2\/types\/post"}],"author":[{"embeddable":true,"href":"https:\/\/www.ce-illkirch.fr\/wordpress\/wp-json\/wp\/v2\/users\/1"}],"replies":[{"embeddable":true,"href":"https:\/\/www.ce-illkirch.fr\/wordpress\/wp-json\/wp\/v2\/comments?post=16044"}],"version-history":[{"count":1,"href":"https:\/\/www.ce-illkirch.fr\/wordpress\/wp-json\/wp\/v2\/posts\/16044\/revisions"}],"predecessor-version":[{"id":30999,"href":"https:\/\/www.ce-illkirch.fr\/wordpress\/wp-json\/wp\/v2\/posts\/16044\/revisions\/30999"}],"wp:attachment":[{"href":"https:\/\/www.ce-illkirch.fr\/wordpress\/wp-json\/wp\/v2\/media?parent=16044"}],"wp:term":[{"taxonomy":"category","embeddable":true,"href":"https:\/\/www.ce-illkirch.fr\/wordpress\/wp-json\/wp\/v2\/categories?post=16044"},{"taxonomy":"post_tag","embeddable":true,"href":"https:\/\/www.ce-illkirch.fr\/wordpress\/wp-json\/wp\/v2\/tags?post=16044"}],"curies":[{"name":"wp","href":"https:\/\/api.w.org\/{rel}","templated":true}]}}