{"id":16222,"date":"2015-11-24T16:25:49","date_gmt":"2015-11-24T15:25:49","guid":{"rendered":"http:\/\/www.ce-illkirch.fr\/wordpress\/?p=16222"},"modified":"2026-04-14T11:21:15","modified_gmt":"2026-04-14T09:21:15","slug":"circuler-de-nuit-a-velo","status":"publish","type":"post","link":"https:\/\/www.ce-illkirch.fr\/wordpress\/2015\/11\/ecologie\/circuler-de-nuit-a-velo\/","title":{"rendered":"Circuler de nuit \u00e0 v\u00e9lo"},"content":{"rendered":"<p style=\"text-align: left;\"><img loading=\"lazy\" decoding=\"async\" class=\" wp-image-16224 alignleft\" src=\"http:\/\/www.ce-illkirch.fr\/wordpress\/wp-content\/uploads\/Operation_prevention_velo-300x243.jpg\" alt=\"CONTROLE ECLAIRAGE VELO\" width=\"210\" height=\"170\" \/>Voici un article qui rappelle quelques <strong>consignes \u00e9l\u00e9mentaires<\/strong> et les <strong>obligations du cycliste<\/strong> (\u00e0 suivre sans mod\u00e9ration): <a href=\"https:\/\/velhop.strasbourg.eu\/conseils-velo\/securite-et-reglementation\/\">s\u00e9curit\u00e9 et r\u00e9glementation \u00e0 v\u00e9lo<\/a><\/p>\n","protected":false},"excerpt":{"rendered":"<p>Voici un article qui rappelle quelques consignes \u00e9l\u00e9mentaires et les obligations du cycliste (\u00e0 suivre sans mod\u00e9ration): s\u00e9curit\u00e9 et r\u00e9glementation \u00e0 v\u00e9lo<\/p>\n","protected":false},"author":1,"featured_media":0,"comment_status":"open","ping_status":"closed","sticky":false,"template":"","format":"standard","meta":{"footnotes":""},"categories":[10,39],"tags":[],"class_list":["post-16222","post","type-post","status-publish","format-standard","hentry","category-ecologie","category-transport"],"publishpress_future_action":{"enabled":false,"date":"2026-05-07 21:22:12","action":"category","newStatus":"draft","terms":[],"taxonomy":"category","extraData":[]},"publishpress_future_workflow_manual_trigger":{"enabledWorkflows":[]},"_links":{"self":[{"href":"https:\/\/www.ce-illkirch.fr\/wordpress\/wp-json\/wp\/v2\/posts\/16222","targetHints":{"allow":["GET"]}}],"collection":[{"href":"https:\/\/www.ce-illkirch.fr\/wordpress\/wp-json\/wp\/v2\/posts"}],"about":[{"href":"https:\/\/www.ce-illkirch.fr\/wordpress\/wp-json\/wp\/v2\/types\/post"}],"author":[{"embeddable":true,"href":"https:\/\/www.ce-illkirch.fr\/wordpress\/wp-json\/wp\/v2\/users\/1"}],"replies":[{"embeddable":true,"href":"https:\/\/www.ce-illkirch.fr\/wordpress\/wp-json\/wp\/v2\/comments?post=16222"}],"version-history":[{"count":3,"href":"https:\/\/www.ce-illkirch.fr\/wordpress\/wp-json\/wp\/v2\/posts\/16222\/revisions"}],"predecessor-version":[{"id":39259,"href":"https:\/\/www.ce-illkirch.fr\/wordpress\/wp-json\/wp\/v2\/posts\/16222\/revisions\/39259"}],"wp:attachment":[{"href":"https:\/\/www.ce-illkirch.fr\/wordpress\/wp-json\/wp\/v2\/media?parent=16222"}],"wp:term":[{"taxonomy":"category","embeddable":true,"href":"https:\/\/www.ce-illkirch.fr\/wordpress\/wp-json\/wp\/v2\/categories?post=16222"},{"taxonomy":"post_tag","embeddable":true,"href":"https:\/\/www.ce-illkirch.fr\/wordpress\/wp-json\/wp\/v2\/tags?post=16222"}],"curies":[{"name":"wp","href":"https:\/\/api.w.org\/{rel}","templated":true}]}}