{"id":16360,"date":"2023-02-16T15:14:38","date_gmt":"2023-02-16T14:14:38","guid":{"rendered":"http:\/\/www.ce-illkirch.fr\/wordpress\/?p=16360"},"modified":"2023-02-16T15:12:25","modified_gmt":"2023-02-16T14:12:25","slug":"panier-bio-ferme-saint-andre","status":"publish","type":"post","link":"https:\/\/www.ce-illkirch.fr\/wordpress\/2023\/02\/non-classe\/panier-bio-ferme-saint-andre\/","title":{"rendered":"Panier bio ferme Saint Andr\u00e9"},"content":{"rendered":"<p>Les paniers sont livr\u00e9s le mercredi avant 17h.<\/p>\n<p>Connaissez-vous la ferme Saint Andr\u00e9 ? Entreprise sociale et solidaire qui livre des paniers bio. Livraison 1.92 \u20ac, minimum d&rsquo;achat 11 \u20ac<\/p>\n<p><a href=\"http:\/\/fermesaintandre.com\" target=\"_blank\" rel=\"noopener\">site.<\/a><\/p>\n<ul>\n<li>Abonnement au petit ou grand panier, hebdomadaire, en semaine paire ou impaire, ce qui implique une livraison <strong>automatique<\/strong> du panier propos\u00e9. La modification partielle ou totale est tout \u00e0 fait possible jusqu\u2019au lundi soir 23h.<\/li>\n<li>Sur boutique, si vous souhaitez \u00eatre livr\u00e9, la commande soit \u00eatre pass\u00e9e avant lundi soir 23h.<\/li>\n<\/ul>\n<p>En terme de r\u00e8glement, ils peuvent se faire sur le site par CB ou mise en place du pr\u00e9l\u00e8vement automatique (la facture est \u00e9tablie fin du mois pour un pr\u00e9l\u00e8vement le 20 du mois suivant).<\/p>\n<p>Les frais de livraison sont r\u00e9duits de moiti\u00e9 : \u00e0 partir de 2 paniers livr\u00e9s le m\u00eame jour, ils sont r\u00e9duits de moiti\u00e9 soit 0.96\u20ac au lieu de 1.92\u20ac.<\/p>\n<p>(lors des commandes sur le site, les frais appara\u00eetront toujours pleins, nous les modifions manuellement lors du traitement des commandes).<\/p>\n<p>Tous nos produits sont issus de l\u2019agriculture biologique, la gamme boulangerie sera \u00e0 nouveau ouverte \u00e0 la vente prochainement et la gamme traiteur \u00e9toff\u00e9e.<\/p>\n<p>Se cr\u00e9er un compte sur notre site : <a href=\"https:\/\/fermesaintandre.com\/\">https:\/\/fermesaintandre.com\/ <\/a>&#8211;<strong> indiquer livraison au CSE ALE<\/strong><\/p>\n<p><strong><a href=\"mailto:commercial.fermesaintandre@federationcaritasalsace.org\">commercial.fermesaintandre@federationcaritasalsace.org<\/a><\/strong><\/p>\n<p>&nbsp;<\/p>\n<p>&nbsp;<\/p>\n<p>&nbsp;<\/p>\n","protected":false},"excerpt":{"rendered":"<p>Les paniers sont livr\u00e9s le mercredi avant 17h. Connaissez-vous la ferme Saint Andr\u00e9 ? Entreprise sociale et solidaire qui livre des paniers bio. Livraison 1.92 \u20ac, minimum d&rsquo;achat 11 \u20ac [&hellip;]<\/p>\n","protected":false},"author":1,"featured_media":30558,"comment_status":"open","ping_status":"closed","sticky":false,"template":"","format":"standard","meta":{"footnotes":""},"categories":[1,21,22,23,35],"tags":[],"class_list":["post-16360","post","type-post","status-publish","format-standard","has-post-thumbnail","hentry","category-non-classe","category-offres-commerciales","category-petites-annonces","category-prestataires-de-services","category-top_a_la_une"],"publishpress_future_action":{"enabled":false,"date":"2026-05-09 05:38:23","action":"category","newStatus":"draft","terms":[],"taxonomy":"category","extraData":[]},"publishpress_future_workflow_manual_trigger":{"enabledWorkflows":[]},"_links":{"self":[{"href":"https:\/\/www.ce-illkirch.fr\/wordpress\/wp-json\/wp\/v2\/posts\/16360","targetHints":{"allow":["GET"]}}],"collection":[{"href":"https:\/\/www.ce-illkirch.fr\/wordpress\/wp-json\/wp\/v2\/posts"}],"about":[{"href":"https:\/\/www.ce-illkirch.fr\/wordpress\/wp-json\/wp\/v2\/types\/post"}],"author":[{"embeddable":true,"href":"https:\/\/www.ce-illkirch.fr\/wordpress\/wp-json\/wp\/v2\/users\/1"}],"replies":[{"embeddable":true,"href":"https:\/\/www.ce-illkirch.fr\/wordpress\/wp-json\/wp\/v2\/comments?post=16360"}],"version-history":[{"count":6,"href":"https:\/\/www.ce-illkirch.fr\/wordpress\/wp-json\/wp\/v2\/posts\/16360\/revisions"}],"predecessor-version":[{"id":32579,"href":"https:\/\/www.ce-illkirch.fr\/wordpress\/wp-json\/wp\/v2\/posts\/16360\/revisions\/32579"}],"wp:featuredmedia":[{"embeddable":true,"href":"https:\/\/www.ce-illkirch.fr\/wordpress\/wp-json\/wp\/v2\/media\/30558"}],"wp:attachment":[{"href":"https:\/\/www.ce-illkirch.fr\/wordpress\/wp-json\/wp\/v2\/media?parent=16360"}],"wp:term":[{"taxonomy":"category","embeddable":true,"href":"https:\/\/www.ce-illkirch.fr\/wordpress\/wp-json\/wp\/v2\/categories?post=16360"},{"taxonomy":"post_tag","embeddable":true,"href":"https:\/\/www.ce-illkirch.fr\/wordpress\/wp-json\/wp\/v2\/tags?post=16360"}],"curies":[{"name":"wp","href":"https:\/\/api.w.org\/{rel}","templated":true}]}}