{"id":16645,"date":"2016-02-11T10:10:02","date_gmt":"2016-02-11T09:10:02","guid":{"rendered":"http:\/\/www.ce-illkirch.fr\/wordpress\/?p=16645"},"modified":"2016-02-11T10:10:02","modified_gmt":"2016-02-11T09:10:02","slug":"creation-de-la-carte-cezam-vie-pratique","status":"publish","type":"post","link":"https:\/\/www.ce-illkirch.fr\/wordpress\/2016\/02\/billet\/creation-de-la-carte-cezam-vie-pratique\/","title":{"rendered":"Cr\u00e9ation de la carte Cezam Vie pratique"},"content":{"rendered":"<p dir=\"LTR\" align=\"JUSTIFY\"><a href=\"http:\/\/www.ce-illkirch.fr\/wordpress\/wp-content\/uploads\/Cezam_Vie_Pratique.jpg\"><img loading=\"lazy\" decoding=\"async\" class=\"alignleft size-full wp-image-16646\" alt=\"Cezam_Vie_Pratique\" src=\"http:\/\/www.ce-illkirch.fr\/wordpress\/wp-content\/uploads\/Cezam_Vie_Pratique.jpg\" width=\"163\" height=\"104\" \/><\/a><\/p>\n<p dir=\"LTR\" align=\"JUSTIFY\">La F\u00e9d\u00e9ration Cezam a choisi de cr\u00e9er une nouvelle carte Cezam d\u00e9di\u00e9e \u00e0 la Vie Pratique, pour r\u00e9pondre aux exigences de l\u2019URSSAF concernant les r\u00e9ductions accord\u00e9es dans ce domaine d\u2019activit\u00e9 et permettre ainsi \u00e0 nos adh\u00e9rents d\u2019agir en toute conformit\u00e9.<br \/>\n<strong>En vente \u00e0 la billetterie : carte \u00e0 1 \u20ac.<\/strong><\/p>\n<p dir=\"LTR\" align=\"JUSTIFY\"><strong>Carte exig\u00e9e lors de la vente des bons d&rsquo;achats, du passeport gourmand et du guide futelo.<\/strong><\/p>\n<p dir=\"LTR\" align=\"JUSTIFY\"><strong><span style=\"color: #ff0000;\">La carte C\u00e9zam familiale (pour le reste de la billetterie : cin\u00e9mas, parcs,&#8230;) reste gratuite : offerte par le CE<\/span><\/strong><\/p>\n","protected":false},"excerpt":{"rendered":"<p>La F\u00e9d\u00e9ration Cezam a choisi de cr\u00e9er une nouvelle carte Cezam d\u00e9di\u00e9e \u00e0 la Vie Pratique, pour r\u00e9pondre aux exigences de l\u2019URSSAF concernant les r\u00e9ductions accord\u00e9es dans ce domaine d\u2019activit\u00e9 [&hellip;]<\/p>\n","protected":false},"author":1,"featured_media":0,"comment_status":"open","ping_status":"closed","sticky":false,"template":"","format":"standard","meta":{"footnotes":""},"categories":[6,11],"tags":[],"class_list":["post-16645","post","type-post","status-publish","format-standard","hentry","category-billet","category-en-stock"],"publishpress_future_action":{"enabled":false,"date":"2026-05-08 12:20:22","action":"category","newStatus":"draft","terms":[],"taxonomy":"category","extraData":[]},"publishpress_future_workflow_manual_trigger":{"enabledWorkflows":[]},"_links":{"self":[{"href":"https:\/\/www.ce-illkirch.fr\/wordpress\/wp-json\/wp\/v2\/posts\/16645","targetHints":{"allow":["GET"]}}],"collection":[{"href":"https:\/\/www.ce-illkirch.fr\/wordpress\/wp-json\/wp\/v2\/posts"}],"about":[{"href":"https:\/\/www.ce-illkirch.fr\/wordpress\/wp-json\/wp\/v2\/types\/post"}],"author":[{"embeddable":true,"href":"https:\/\/www.ce-illkirch.fr\/wordpress\/wp-json\/wp\/v2\/users\/1"}],"replies":[{"embeddable":true,"href":"https:\/\/www.ce-illkirch.fr\/wordpress\/wp-json\/wp\/v2\/comments?post=16645"}],"version-history":[{"count":0,"href":"https:\/\/www.ce-illkirch.fr\/wordpress\/wp-json\/wp\/v2\/posts\/16645\/revisions"}],"wp:attachment":[{"href":"https:\/\/www.ce-illkirch.fr\/wordpress\/wp-json\/wp\/v2\/media?parent=16645"}],"wp:term":[{"taxonomy":"category","embeddable":true,"href":"https:\/\/www.ce-illkirch.fr\/wordpress\/wp-json\/wp\/v2\/categories?post=16645"},{"taxonomy":"post_tag","embeddable":true,"href":"https:\/\/www.ce-illkirch.fr\/wordpress\/wp-json\/wp\/v2\/tags?post=16645"}],"curies":[{"name":"wp","href":"https:\/\/api.w.org\/{rel}","templated":true}]}}