{"id":17164,"date":"2017-03-09T09:00:04","date_gmt":"2017-03-09T08:00:04","guid":{"rendered":"http:\/\/www.ce-illkirch.fr\/wordpress\/?p=17164"},"modified":"2017-03-09T09:00:04","modified_gmt":"2017-03-09T08:00:04","slug":"des-tomates-et-du-basilic-sur-le-site","status":"publish","type":"post","link":"https:\/\/www.ce-illkirch.fr\/wordpress\/2017\/03\/ecologie\/des-tomates-et-du-basilic-sur-le-site\/","title":{"rendered":"Rejoignez le club jardin du site"},"content":{"rendered":"<p><a href=\"http:\/\/www.ce-illkirch.fr\/wordpress\/wp-content\/uploads\/IncroyablesComestibles.jpg\"><img loading=\"lazy\" decoding=\"async\" class=\"alignleft size-full wp-image-17165\" alt=\"IncroyablesComestibles\" src=\"http:\/\/www.ce-illkirch.fr\/wordpress\/wp-content\/uploads\/IncroyablesComestibles.jpg\" width=\"211\" height=\"158\" \/><\/a> La culture a commenc\u00e9 en 2016 dans les grands bacs ronds en b\u00e9ton sur la terrasse de la caf\u00e9t\u00e9ria. Nous continuons cette ann\u00e9e.<\/p>\n<p>Un deuxi\u00e8me bac \u00e0 compost (fabriqu\u00e9 ici en palettes de r\u00e9cup\u00e9ration) a \u00e9t\u00e9 mis en place pour accueillir les \u00e9pluchures de cusine du restaurant d&rsquo;entreprise et fabriquer un bon compost pour enrichir la terre. Vous pouvez y apporter le marc de caf\u00e9.<\/p>\n<p>Il est aussi envisag\u00e9 d&rsquo;organiser un atelier de fabrication de bacs \u00e0 compost en palettes recycl\u00e9es. Signalez-vous si vous \u00eates int\u00e9ress\u00e9.<\/p>\n<p>N&rsquo;h\u00e9sitez pas \u00e0 rejoindre le groupe public de diffusion (interne ALE)<strong> O365\u00a0 <a title=\"Groupe O365 Ilkirch-jardin\" href=\"https:\/\/outlook.office.com\/owa\/?path=\/group\/illkirch-jardin@al-enterprise.com\/mail\" target=\"_blank\">Illkirch-jardin<\/a>.\u00a0<\/strong>Les \u00e9changes passent par ce groupe.<\/p>\n<p>Contact A Barroux<\/p>\n","protected":false},"excerpt":{"rendered":"<p>La culture a commenc\u00e9 en 2016 dans les grands bacs ronds en b\u00e9ton sur la terrasse de la caf\u00e9t\u00e9ria. Nous continuons cette ann\u00e9e. Un deuxi\u00e8me bac \u00e0 compost (fabriqu\u00e9 ici [&hellip;]<\/p>\n","protected":false},"author":1,"featured_media":0,"comment_status":"open","ping_status":"closed","sticky":false,"template":"","format":"standard","meta":{"footnotes":""},"categories":[10,16],"tags":[],"class_list":["post-17164","post","type-post","status-publish","format-standard","hentry","category-ecologie","category-loisirs"],"publishpress_future_action":{"enabled":false,"date":"2026-05-08 04:45:09","action":"category","newStatus":"draft","terms":[],"taxonomy":"category","extraData":[]},"publishpress_future_workflow_manual_trigger":{"enabledWorkflows":[]},"_links":{"self":[{"href":"https:\/\/www.ce-illkirch.fr\/wordpress\/wp-json\/wp\/v2\/posts\/17164","targetHints":{"allow":["GET"]}}],"collection":[{"href":"https:\/\/www.ce-illkirch.fr\/wordpress\/wp-json\/wp\/v2\/posts"}],"about":[{"href":"https:\/\/www.ce-illkirch.fr\/wordpress\/wp-json\/wp\/v2\/types\/post"}],"author":[{"embeddable":true,"href":"https:\/\/www.ce-illkirch.fr\/wordpress\/wp-json\/wp\/v2\/users\/1"}],"replies":[{"embeddable":true,"href":"https:\/\/www.ce-illkirch.fr\/wordpress\/wp-json\/wp\/v2\/comments?post=17164"}],"version-history":[{"count":0,"href":"https:\/\/www.ce-illkirch.fr\/wordpress\/wp-json\/wp\/v2\/posts\/17164\/revisions"}],"wp:attachment":[{"href":"https:\/\/www.ce-illkirch.fr\/wordpress\/wp-json\/wp\/v2\/media?parent=17164"}],"wp:term":[{"taxonomy":"category","embeddable":true,"href":"https:\/\/www.ce-illkirch.fr\/wordpress\/wp-json\/wp\/v2\/categories?post=17164"},{"taxonomy":"post_tag","embeddable":true,"href":"https:\/\/www.ce-illkirch.fr\/wordpress\/wp-json\/wp\/v2\/tags?post=17164"}],"curies":[{"name":"wp","href":"https:\/\/api.w.org\/{rel}","templated":true}]}}