{"id":17179,"date":"2016-04-14T14:17:44","date_gmt":"2016-04-14T13:17:44","guid":{"rendered":"http:\/\/www.ce-illkirch.fr\/wordpress\/?p=17179"},"modified":"2023-02-07T13:45:47","modified_gmt":"2023-02-07T12:45:47","slug":"changement-de-la-desserte-bus-du-site-le-23-avril","status":"publish","type":"post","link":"https:\/\/www.ce-illkirch.fr\/wordpress\/2016\/04\/transport\/changement-de-la-desserte-bus-du-site-le-23-avril\/","title":{"rendered":"Changement de la desserte bus du site le 23 avril"},"content":{"rendered":"<p><a href=\"http:\/\/www.ce-illkirch.fr\/wordpress\/wp-content\/uploads\/TramIllkirch.png\"><img loading=\"lazy\" decoding=\"async\" class=\"alignleft size-full wp-image-17180\" alt=\"TramIllkirch\" src=\"http:\/\/www.ce-illkirch.fr\/wordpress\/wp-content\/uploads\/TramIllkirch.png\" width=\"320\" height=\"313\" \/><\/a>Le 23 avril, la ligne A du Tram est prolong\u00e9e jusqu&rsquo;au centre ville d&rsquo;Illkirch (station Graffenstaden), et la ligne E jusqu&rsquo;\u00e0 Campus d&rsquo;Illkirch.<\/p>\n<p>Le site Alcatel sera d\u00e9sormais desservi par la <strong>ligne 13<\/strong> (et non plus la ligne 7) de bus, avec une correspondance de tram \u00e0 la nouvelle station \u00ab\u00a0Parc Malraux\u00a0\u00bb. La ligne 13 a son terminus en gare de Lingolsheim.<\/p>\n<p>Les nouveaux horaires et plan CTS sont disponibles au CE.<\/p>\n<p>Tous les d\u00e9tails sur le site de la CTS.<\/p>\n","protected":false},"excerpt":{"rendered":"<p>Le 23 avril, la ligne A du Tram est prolong\u00e9e jusqu&rsquo;au centre ville d&rsquo;Illkirch (station Graffenstaden), et la ligne E jusqu&rsquo;\u00e0 Campus d&rsquo;Illkirch. Le site Alcatel sera d\u00e9sormais desservi par [&hellip;]<\/p>\n","protected":false},"author":1,"featured_media":0,"comment_status":"open","ping_status":"closed","sticky":false,"template":"","format":"standard","meta":{"footnotes":""},"categories":[39],"tags":[],"class_list":["post-17179","post","type-post","status-publish","format-standard","hentry","category-transport"],"publishpress_future_action":{"enabled":false,"date":"2026-05-07 20:02:05","action":"category","newStatus":"draft","terms":[],"taxonomy":"category","extraData":[]},"publishpress_future_workflow_manual_trigger":{"enabledWorkflows":[]},"_links":{"self":[{"href":"https:\/\/www.ce-illkirch.fr\/wordpress\/wp-json\/wp\/v2\/posts\/17179","targetHints":{"allow":["GET"]}}],"collection":[{"href":"https:\/\/www.ce-illkirch.fr\/wordpress\/wp-json\/wp\/v2\/posts"}],"about":[{"href":"https:\/\/www.ce-illkirch.fr\/wordpress\/wp-json\/wp\/v2\/types\/post"}],"author":[{"embeddable":true,"href":"https:\/\/www.ce-illkirch.fr\/wordpress\/wp-json\/wp\/v2\/users\/1"}],"replies":[{"embeddable":true,"href":"https:\/\/www.ce-illkirch.fr\/wordpress\/wp-json\/wp\/v2\/comments?post=17179"}],"version-history":[{"count":1,"href":"https:\/\/www.ce-illkirch.fr\/wordpress\/wp-json\/wp\/v2\/posts\/17179\/revisions"}],"predecessor-version":[{"id":32450,"href":"https:\/\/www.ce-illkirch.fr\/wordpress\/wp-json\/wp\/v2\/posts\/17179\/revisions\/32450"}],"wp:attachment":[{"href":"https:\/\/www.ce-illkirch.fr\/wordpress\/wp-json\/wp\/v2\/media?parent=17179"}],"wp:term":[{"taxonomy":"category","embeddable":true,"href":"https:\/\/www.ce-illkirch.fr\/wordpress\/wp-json\/wp\/v2\/categories?post=17179"},{"taxonomy":"post_tag","embeddable":true,"href":"https:\/\/www.ce-illkirch.fr\/wordpress\/wp-json\/wp\/v2\/tags?post=17179"}],"curies":[{"name":"wp","href":"https:\/\/api.w.org\/{rel}","templated":true}]}}