{"id":17220,"date":"2022-03-10T11:45:13","date_gmt":"2022-03-10T10:45:13","guid":{"rendered":"http:\/\/www.ce-illkirch.fr\/wordpress\/?p=17220"},"modified":"2023-03-09T14:23:23","modified_gmt":"2023-03-09T13:23:23","slug":"asali-section-montagne-escalade-au-sommet","status":"publish","type":"post","link":"https:\/\/www.ce-illkirch.fr\/wordpress\/2022\/03\/scabsi\/asali-section-montagne-escalade-au-sommet\/","title":{"rendered":"Asali, section montagne-escalade"},"content":{"rendered":"<ul>\n<li><img loading=\"lazy\" decoding=\"async\" class=\"wp-image-29955 alignleft\" src=\"https:\/\/www.ce-illkirch.fr\/wordpress\/wp-content\/uploads\/IMG-20220219-WA0000-300x150.jpg\" alt=\"\" width=\"178\" height=\"89\" srcset=\"https:\/\/www.ce-illkirch.fr\/wordpress\/wp-content\/uploads\/IMG-20220219-WA0000-300x150.jpg 300w, https:\/\/www.ce-illkirch.fr\/wordpress\/wp-content\/uploads\/IMG-20220219-WA0000-768x384.jpg 768w, https:\/\/www.ce-illkirch.fr\/wordpress\/wp-content\/uploads\/IMG-20220219-WA0000-1024x512.jpg 1024w, https:\/\/www.ce-illkirch.fr\/wordpress\/wp-content\/uploads\/IMG-20220219-WA0000-110x55.jpg 110w, https:\/\/www.ce-illkirch.fr\/wordpress\/wp-content\/uploads\/IMG-20220219-WA0000-420x210.jpg 420w, https:\/\/www.ce-illkirch.fr\/wordpress\/wp-content\/uploads\/IMG-20220219-WA0000-770x385.jpg 770w, https:\/\/www.ce-illkirch.fr\/wordpress\/wp-content\/uploads\/IMG-20220219-WA0000.jpg 1599w\" sizes=\"auto, (max-width: 178px) 100vw, 178px\" \/><strong>19\/02 :<\/strong> Initiation ski de fond classique et skating avec 14 participants au champ du feu, sur de la glace ! pens\u00e9es sportives aux bless\u00e9s. Merci \u00e0 Christophe et Fran\u00e7ois pour leurs conseils<\/li>\n<\/ul>\n<p>&nbsp;<\/p>\n<p>&nbsp;<\/p>\n<ul>\n<li><img loading=\"lazy\" decoding=\"async\" class=\"wp-image-29956 alignleft\" src=\"https:\/\/www.ce-illkirch.fr\/wordpress\/wp-content\/uploads\/IMG-20220305-WA0031-300x169.jpg\" alt=\"\" width=\"188\" height=\"106\" srcset=\"https:\/\/www.ce-illkirch.fr\/wordpress\/wp-content\/uploads\/IMG-20220305-WA0031-300x169.jpg 300w, https:\/\/www.ce-illkirch.fr\/wordpress\/wp-content\/uploads\/IMG-20220305-WA0031-768x432.jpg 768w, https:\/\/www.ce-illkirch.fr\/wordpress\/wp-content\/uploads\/IMG-20220305-WA0031-1024x576.jpg 1024w, https:\/\/www.ce-illkirch.fr\/wordpress\/wp-content\/uploads\/IMG-20220305-WA0031-110x62.jpg 110w, https:\/\/www.ce-illkirch.fr\/wordpress\/wp-content\/uploads\/IMG-20220305-WA0031-420x236.jpg 420w, https:\/\/www.ce-illkirch.fr\/wordpress\/wp-content\/uploads\/IMG-20220305-WA0031-248x138.jpg 248w, https:\/\/www.ce-illkirch.fr\/wordpress\/wp-content\/uploads\/IMG-20220305-WA0031-770x430.jpg 770w, https:\/\/www.ce-illkirch.fr\/wordpress\/wp-content\/uploads\/IMG-20220305-WA0031-765x430.jpg 765w, https:\/\/www.ce-illkirch.fr\/wordpress\/wp-content\/uploads\/IMG-20220305-WA0031.jpg 1385w\" sizes=\"auto, (max-width: 188px) 100vw, 188px\" \/><strong>05\/03 :<\/strong> nous avons profit\u00e9 des bonnes conditions dans les couloirs du Hohneck, c&rsquo;etait vraiment une belle neige dure voire de la glace, c&rsquo;\u00e9tait parfait, une vraie r\u00e9galade verticale, pour nous 6; N. Maurice, N. Pel\u00e9, M. Helbert, F. &amp; M. Meyer et P. Agrain.<\/li>\n<\/ul>\n<p>&nbsp;<\/p>\n<p>\u00ab\u00a0Envie de nous rejoindre et de tester votre aisance dans les mondes verticaux ? Faites-vous conna\u00eetre ! La section va grimper r\u00e9guli\u00e8rement entre midi et deux sur la structure artificielle d&rsquo;escalade de l&rsquo;ASCPA \u00e0 Strasbourg\u00a0\u00bb<\/p>\n<p>Francois MEYER, nouveau responsable club sportif ALE &#8211; ASALI<\/p>\n","protected":false},"excerpt":{"rendered":"<p>19\/02 : Initiation ski de fond classique et skating avec 14 participants au champ du feu, sur de la glace ! pens\u00e9es sportives aux bless\u00e9s. Merci \u00e0 Christophe et Fran\u00e7ois [&hellip;]<\/p>\n","protected":false},"author":1,"featured_media":29957,"comment_status":"open","ping_status":"closed","sticky":false,"template":"","format":"standard","meta":{"footnotes":""},"categories":[29],"tags":[],"class_list":["post-17220","post","type-post","status-publish","format-standard","has-post-thumbnail","hentry","category-scabsi"],"publishpress_future_action":{"enabled":false,"date":"2026-05-09 08:49:22","action":"category","newStatus":"draft","terms":[],"taxonomy":"category","extraData":[]},"publishpress_future_workflow_manual_trigger":{"enabledWorkflows":[]},"_links":{"self":[{"href":"https:\/\/www.ce-illkirch.fr\/wordpress\/wp-json\/wp\/v2\/posts\/17220","targetHints":{"allow":["GET"]}}],"collection":[{"href":"https:\/\/www.ce-illkirch.fr\/wordpress\/wp-json\/wp\/v2\/posts"}],"about":[{"href":"https:\/\/www.ce-illkirch.fr\/wordpress\/wp-json\/wp\/v2\/types\/post"}],"author":[{"embeddable":true,"href":"https:\/\/www.ce-illkirch.fr\/wordpress\/wp-json\/wp\/v2\/users\/1"}],"replies":[{"embeddable":true,"href":"https:\/\/www.ce-illkirch.fr\/wordpress\/wp-json\/wp\/v2\/comments?post=17220"}],"version-history":[{"count":10,"href":"https:\/\/www.ce-illkirch.fr\/wordpress\/wp-json\/wp\/v2\/posts\/17220\/revisions"}],"predecessor-version":[{"id":29996,"href":"https:\/\/www.ce-illkirch.fr\/wordpress\/wp-json\/wp\/v2\/posts\/17220\/revisions\/29996"}],"wp:featuredmedia":[{"embeddable":true,"href":"https:\/\/www.ce-illkirch.fr\/wordpress\/wp-json\/wp\/v2\/media\/29957"}],"wp:attachment":[{"href":"https:\/\/www.ce-illkirch.fr\/wordpress\/wp-json\/wp\/v2\/media?parent=17220"}],"wp:term":[{"taxonomy":"category","embeddable":true,"href":"https:\/\/www.ce-illkirch.fr\/wordpress\/wp-json\/wp\/v2\/categories?post=17220"},{"taxonomy":"post_tag","embeddable":true,"href":"https:\/\/www.ce-illkirch.fr\/wordpress\/wp-json\/wp\/v2\/tags?post=17220"}],"curies":[{"name":"wp","href":"https:\/\/api.w.org\/{rel}","templated":true}]}}