{"id":17307,"date":"2017-06-01T08:22:49","date_gmt":"2017-06-01T07:22:49","guid":{"rendered":"http:\/\/www.ce-illkirch.fr\/wordpress\/?p=17307"},"modified":"2023-07-06T13:12:32","modified_gmt":"2023-07-06T11:12:32","slug":"apres-midi-rtt-formation-loisirs-jardinage-sur-le-site","status":"publish","type":"post","link":"https:\/\/www.ce-illkirch.fr\/wordpress\/2017\/06\/ecologie\/apres-midi-rtt-formation-loisirs-jardinage-sur-le-site\/","title":{"rendered":"Apr\u00e8s-midi RTT jardinage sur le site 16\/06"},"content":{"rendered":"<p><a href=\"http:\/\/www.ce-illkirch.fr\/wordpress\/wp-content\/uploads\/IncroyablesComestibles.jpg\"><img loading=\"lazy\" decoding=\"async\" class=\"alignleft size-full wp-image-17165\" alt=\"IncroyablesComestibles\" src=\"http:\/\/www.ce-illkirch.fr\/wordpress\/wp-content\/uploads\/IncroyablesComestibles.jpg\" width=\"214\" height=\"161\" \/><\/a><strong>vendredi 16 juin apr\u00e8s-midi<br \/>\n<\/strong><\/p>\n<p><strong>Un apr\u00e8s-midi,<\/strong> formation jardin assur\u00e9e par l\u2019association <a title=\"CanopTerre\" href=\"https:\/\/canopterre.fr\/\" target=\"_blank\" rel=\"noopener\">Canop\u2019Terre<\/a> d&rsquo;Erstein. <a href=\"http:\/\/www.ce-illkirch.fr\/wordpress\/wp-content\/uploads\/rttjardin17_sursite1.pdf\" target=\"_blank\" rel=\"noopener\">Affiche<\/a><\/p>\n<p><strong>Co\u00fbt 15 \u20ac<\/strong> (Alcatel) au lieu de 30 \u20ac.<\/p>\n<p>Merci de vous inscrire aupr\u00e8s de C\u00e9line.<\/p>\n<p>Rappel : Un groupe de discussion Office365 a \u00e9t\u00e9 cr\u00e9\u00e9 pour faciliter les \u00e9changes<strong> : <a title=\"Groupe O365 Ilkirch-jardin\" href=\"https:\/\/outlook.office.com\/owa\/?path=\/group\/illkirch-jardin@al-enterprise.com\/mail\" target=\"_blank\" rel=\"noopener\">Illkirch-jardin<\/a>.<br \/>\n<\/strong><\/p>\n<p>&nbsp;<\/p>\n","protected":false},"excerpt":{"rendered":"<p>vendredi 16 juin apr\u00e8s-midi Un apr\u00e8s-midi, formation jardin assur\u00e9e par l\u2019association Canop\u2019Terre d&rsquo;Erstein. Affiche Co\u00fbt 15 \u20ac (Alcatel) au lieu de 30 \u20ac. Merci de vous inscrire aupr\u00e8s de C\u00e9line. [&hellip;]<\/p>\n","protected":false},"author":1,"featured_media":0,"comment_status":"open","ping_status":"closed","sticky":false,"template":"","format":"standard","meta":{"footnotes":""},"categories":[10,16,28],"tags":[],"class_list":["post-17307","post","type-post","status-publish","format-standard","hentry","category-ecologie","category-loisirs","category-rtt-formation"],"publishpress_future_action":{"enabled":false,"date":"2026-05-08 03:13:08","action":"category","newStatus":"draft","terms":[],"taxonomy":"category","extraData":[]},"publishpress_future_workflow_manual_trigger":{"enabledWorkflows":[]},"_links":{"self":[{"href":"https:\/\/www.ce-illkirch.fr\/wordpress\/wp-json\/wp\/v2\/posts\/17307","targetHints":{"allow":["GET"]}}],"collection":[{"href":"https:\/\/www.ce-illkirch.fr\/wordpress\/wp-json\/wp\/v2\/posts"}],"about":[{"href":"https:\/\/www.ce-illkirch.fr\/wordpress\/wp-json\/wp\/v2\/types\/post"}],"author":[{"embeddable":true,"href":"https:\/\/www.ce-illkirch.fr\/wordpress\/wp-json\/wp\/v2\/users\/1"}],"replies":[{"embeddable":true,"href":"https:\/\/www.ce-illkirch.fr\/wordpress\/wp-json\/wp\/v2\/comments?post=17307"}],"version-history":[{"count":2,"href":"https:\/\/www.ce-illkirch.fr\/wordpress\/wp-json\/wp\/v2\/posts\/17307\/revisions"}],"predecessor-version":[{"id":33426,"href":"https:\/\/www.ce-illkirch.fr\/wordpress\/wp-json\/wp\/v2\/posts\/17307\/revisions\/33426"}],"wp:attachment":[{"href":"https:\/\/www.ce-illkirch.fr\/wordpress\/wp-json\/wp\/v2\/media?parent=17307"}],"wp:term":[{"taxonomy":"category","embeddable":true,"href":"https:\/\/www.ce-illkirch.fr\/wordpress\/wp-json\/wp\/v2\/categories?post=17307"},{"taxonomy":"post_tag","embeddable":true,"href":"https:\/\/www.ce-illkirch.fr\/wordpress\/wp-json\/wp\/v2\/tags?post=17307"}],"curies":[{"name":"wp","href":"https:\/\/api.w.org\/{rel}","templated":true}]}}