{"id":17846,"date":"2025-06-18T15:49:09","date_gmt":"2025-06-18T13:49:09","guid":{"rendered":"http:\/\/www.ce-illkirch.fr\/wordpress\/?p=17846"},"modified":"2025-08-06T10:17:13","modified_gmt":"2025-08-06T08:17:13","slug":"caracalla-promo-ete","status":"publish","type":"post","link":"https:\/\/www.ce-illkirch.fr\/wordpress\/2025\/06\/billet\/caracalla-promo-ete\/","title":{"rendered":"Caracalla promo \u00e9t\u00e9"},"content":{"rendered":"<h2>Une heure de bien-\u00eatre en + !<\/h2>\n<p>Profitez pleinement de cet \u00e9t\u00e9, gr\u00e2ce \u00e0 notre offre PLATSCH! et d\u00e9tendez-vous tout simplement plus longtemps.<br \/>\nDu 1er juin au 31 juillet nous vous offrons pour tout entr\u00e9e de 2 heures ou 3 heures un heure de bien-\u00eatre suppl\u00e9mentaire !<\/p>\n<div class=\"html__content\">\n<div><\/div>\n<\/div>\n<p><a href=\"https:\/\/caracalla.de\/aktionen\/\">CARACALLA<\/a> 2 h \/ 3 h avec ou sans\u00a0 sauna<\/p>\n","protected":false},"excerpt":{"rendered":"<p>Une heure de bien-\u00eatre en + ! Profitez pleinement de cet \u00e9t\u00e9, gr\u00e2ce \u00e0 notre offre PLATSCH! et d\u00e9tendez-vous tout simplement plus longtemps. Du 1er juin au 31 juillet nous [&hellip;]<\/p>\n","protected":false},"author":1,"featured_media":35432,"comment_status":"open","ping_status":"closed","sticky":false,"template":"","format":"standard","meta":{"footnotes":""},"categories":[6],"tags":[],"class_list":["post-17846","post","type-post","status-publish","format-standard","has-post-thumbnail","hentry","category-billet"],"publishpress_future_action":{"enabled":false,"date":"2026-05-07 03:54:47","action":"category","newStatus":"draft","terms":[],"taxonomy":"category","extraData":[]},"publishpress_future_workflow_manual_trigger":{"enabledWorkflows":[]},"_links":{"self":[{"href":"https:\/\/www.ce-illkirch.fr\/wordpress\/wp-json\/wp\/v2\/posts\/17846","targetHints":{"allow":["GET"]}}],"collection":[{"href":"https:\/\/www.ce-illkirch.fr\/wordpress\/wp-json\/wp\/v2\/posts"}],"about":[{"href":"https:\/\/www.ce-illkirch.fr\/wordpress\/wp-json\/wp\/v2\/types\/post"}],"author":[{"embeddable":true,"href":"https:\/\/www.ce-illkirch.fr\/wordpress\/wp-json\/wp\/v2\/users\/1"}],"replies":[{"embeddable":true,"href":"https:\/\/www.ce-illkirch.fr\/wordpress\/wp-json\/wp\/v2\/comments?post=17846"}],"version-history":[{"count":4,"href":"https:\/\/www.ce-illkirch.fr\/wordpress\/wp-json\/wp\/v2\/posts\/17846\/revisions"}],"predecessor-version":[{"id":37592,"href":"https:\/\/www.ce-illkirch.fr\/wordpress\/wp-json\/wp\/v2\/posts\/17846\/revisions\/37592"}],"wp:featuredmedia":[{"embeddable":true,"href":"https:\/\/www.ce-illkirch.fr\/wordpress\/wp-json\/wp\/v2\/media\/35432"}],"wp:attachment":[{"href":"https:\/\/www.ce-illkirch.fr\/wordpress\/wp-json\/wp\/v2\/media?parent=17846"}],"wp:term":[{"taxonomy":"category","embeddable":true,"href":"https:\/\/www.ce-illkirch.fr\/wordpress\/wp-json\/wp\/v2\/categories?post=17846"},{"taxonomy":"post_tag","embeddable":true,"href":"https:\/\/www.ce-illkirch.fr\/wordpress\/wp-json\/wp\/v2\/tags?post=17846"}],"curies":[{"name":"wp","href":"https:\/\/api.w.org\/{rel}","templated":true}]}}