{"id":18169,"date":"2016-09-12T08:16:04","date_gmt":"2016-09-12T07:16:04","guid":{"rendered":"http:\/\/www.ce-illkirch.fr\/wordpress\/?p=18169"},"modified":"2023-02-07T13:47:02","modified_gmt":"2023-02-07T12:47:02","slug":"disco-soupe-et-journees-du-patrimoine","status":"publish","type":"post","link":"https:\/\/www.ce-illkirch.fr\/wordpress\/2016\/09\/ecologie\/disco-soupe-et-journees-du-patrimoine\/","title":{"rendered":"Disco-soupe et Journ\u00e9es du Patrimoine"},"content":{"rendered":"<p><a href=\"http:\/\/www.ce-illkirch.fr\/wordpress\/wp-content\/uploads\/discosoupe_2016.jpg\"><img loading=\"lazy\" decoding=\"async\" class=\"alignleft size-medium wp-image-18172\" alt=\"discosoupe_2016\" src=\"http:\/\/www.ce-illkirch.fr\/wordpress\/wp-content\/uploads\/discosoupe_2016-212x300.jpg\" width=\"182\" height=\"257\" \/><\/a>Deuxi\u00e8me \u00e9dition de la <b>disco-soupe Ersteinoise <\/b>le <b>18 septembre de 14h \u00e0 18h<\/b> dans la cour de la <b>ferme Wetterwald<\/b> (21 rue de Strasbourg \u00e0 Erstein)<\/p>\n<p>Animations sur le th\u00e8me \u00ab\u00a0Patrimoine et Citoyennet\u00e9\u00a0\u00bb organis\u00e9es par les associations\u00a0Ersteinoises (Eco-citoyens d&rsquo;Erstein, Le Vieil Erstein, Association Nature Ried Erstein et Canop\u2019Terre ). Cette manifestation s&rsquo;inscrit dans le cadre des Journ\u00e9es Europ\u00e9ennes du Patrimoine 2016.<\/p>\n<div><span style=\"text-decoration: underline;\"><strong>Expos photos &amp; affiches<\/strong> \/ quiz\u00a0\u00a0 (14h \u00e0 18h)<\/span><\/div>\n<div>Passeurs de m\u00e9moire\u00a0: Citoyens engag\u00e9s \u00e0 Erstein\u00a0\u2013 Ecoles du canton \u00bb<\/div>\n<div>Expo photo \u00ab\u00a0Nature\u00a0\u2013 Le Ried \u00bb<\/div>\n<div>Eco-citoyennet\u00e9\u00a0 et Initiatives de la Transition<b><br \/>\n<\/b>Animation musicale<\/div>\n<div><\/div>\n<div><span style=\"text-decoration: underline;\"><strong>Disco-Soupe<\/strong> (2\u00e8me \u00e9dition Ersteinoise) : <\/span><\/div>\n<div>Ev\u00e9nement festif de confection et partage de soupe &#8211; lutte contre le gaspillage alimentaire des fruits et l\u00e9gumes.<br \/>\nvers 16h : d\u00e9but de l&rsquo;\u00e9pluchage<br \/>\nvers 18h : d\u00e9gustation<\/div>\n<div><\/div>\n<div><span style=\"text-decoration: underline;\"><strong>Visite des jardins Canop&rsquo;Terre et haies champ\u00eatres<\/strong> (ANRE, Canop&rsquo;Terre)\u00a0<\/span><br \/>\nD\u00e9parts de la ferme ou rdv au jardin Canop&rsquo;Terre(*) entre 14h et 16h <span style=\"text-decoration: underline;\"><br \/>\n<\/span><\/div>\n<div>D\u00e9couvrir les principes du jardinage en permaculture<\/div>\n<div>D\u00e9couvrir les fonctions, la flore et la faune des haies champ\u00eatres<\/div>\n<p>L&rsquo;animation musicale sera assur\u00e9e par l&rsquo;orchestre<strong> TriogeneB<\/strong> (Barr) assist\u00e9 parFredhoff Studio<b><\/p>\n<p><\/b>(*) jardin Canop&rsquo;Terre : derri\u00e8re le LPA \/ 33 Avenue de la Gare<b><br \/>\nPlus d&rsquo;info sur le site des Eco-citoyens d&rsquo;Erstein <\/b><\/p>\n","protected":false},"excerpt":{"rendered":"<p>Deuxi\u00e8me \u00e9dition de la disco-soupe Ersteinoise le 18 septembre de 14h \u00e0 18h dans la cour de la ferme Wetterwald (21 rue de Strasbourg \u00e0 Erstein) Animations sur le th\u00e8me [&hellip;]<\/p>\n","protected":false},"author":1,"featured_media":0,"comment_status":"open","ping_status":"closed","sticky":false,"template":"","format":"standard","meta":{"footnotes":""},"categories":[10,16,18],"tags":[],"class_list":["post-18169","post","type-post","status-publish","format-standard","hentry","category-ecologie","category-loisirs","category-loisirs-sorties"],"publishpress_future_action":{"enabled":false,"date":"2026-05-08 08:27:34","action":"category","newStatus":"draft","terms":[],"taxonomy":"category","extraData":[]},"publishpress_future_workflow_manual_trigger":{"enabledWorkflows":[]},"_links":{"self":[{"href":"https:\/\/www.ce-illkirch.fr\/wordpress\/wp-json\/wp\/v2\/posts\/18169","targetHints":{"allow":["GET"]}}],"collection":[{"href":"https:\/\/www.ce-illkirch.fr\/wordpress\/wp-json\/wp\/v2\/posts"}],"about":[{"href":"https:\/\/www.ce-illkirch.fr\/wordpress\/wp-json\/wp\/v2\/types\/post"}],"author":[{"embeddable":true,"href":"https:\/\/www.ce-illkirch.fr\/wordpress\/wp-json\/wp\/v2\/users\/1"}],"replies":[{"embeddable":true,"href":"https:\/\/www.ce-illkirch.fr\/wordpress\/wp-json\/wp\/v2\/comments?post=18169"}],"version-history":[{"count":1,"href":"https:\/\/www.ce-illkirch.fr\/wordpress\/wp-json\/wp\/v2\/posts\/18169\/revisions"}],"predecessor-version":[{"id":32456,"href":"https:\/\/www.ce-illkirch.fr\/wordpress\/wp-json\/wp\/v2\/posts\/18169\/revisions\/32456"}],"wp:attachment":[{"href":"https:\/\/www.ce-illkirch.fr\/wordpress\/wp-json\/wp\/v2\/media?parent=18169"}],"wp:term":[{"taxonomy":"category","embeddable":true,"href":"https:\/\/www.ce-illkirch.fr\/wordpress\/wp-json\/wp\/v2\/categories?post=18169"},{"taxonomy":"post_tag","embeddable":true,"href":"https:\/\/www.ce-illkirch.fr\/wordpress\/wp-json\/wp\/v2\/tags?post=18169"}],"curies":[{"name":"wp","href":"https:\/\/api.w.org\/{rel}","templated":true}]}}