{"id":18265,"date":"2016-09-20T08:28:56","date_gmt":"2016-09-20T07:28:56","guid":{"rendered":"http:\/\/www.ce-illkirch.fr\/wordpress\/?p=18265"},"modified":"2025-06-19T14:42:36","modified_gmt":"2025-06-19T12:42:36","slug":"enquete-transport-rsvp-avant-le-27-sept","status":"publish","type":"post","link":"https:\/\/www.ce-illkirch.fr\/wordpress\/2016\/09\/transport\/enquete-transport-rsvp-avant-le-27-sept\/","title":{"rendered":"Enqu\u00eate Transport : RSVP avant le 27 sept"},"content":{"rendered":"<p><a href=\"http:\/\/www.ce-illkirch.fr\/wordpress\/wp-content\/uploads\/v\u00e9loPliant.jpg\"><img loading=\"lazy\" decoding=\"async\" class=\"alignleft size-medium wp-image-18267\" src=\"http:\/\/www.ce-illkirch.fr\/wordpress\/wp-content\/uploads\/v\u00e9loPliant-300x300.jpg\" alt=\"v\u00e9loPliant\" width=\"151\" height=\"151\" \/><\/a>Si le CE souhaite aujourd\u2019hui revendre le VAE, c&rsquo;est pour vous permettre de tester d\u2019autres moyens de locomotion actifs. Nous envisageons d\u2019acheter une <strong>trottinette \u00e9lectrique<\/strong> et\/ou un <strong>v\u00e9lo pliant <\/strong>(ou plusieurs). Mais vous pouvez sugg\u00e9rer autre chose !<\/p>\n<p>Et parce plusieurs accidents de coll\u00e8gues cyclistes nous ont d\u00e9montr\u00e9 l\u2019importance cruciale de mettre un casque,\u00a0 nous envisageons \u00e9galement un <strong>achat group\u00e9 de casques v\u00e9lo.<\/strong><\/p>\n<p>Si vous voulez donner votre avis, connectez-vous sur https:\/\/www.surveymonkey.de\/r\/MC5Y52B et r\u00e9pondez avant le 27 septembre. D&rsquo;avance merci !<\/p>\n<p>La Commission Transport du CE<\/p>\n<p>&nbsp;<\/p>\n","protected":false},"excerpt":{"rendered":"<p>Si le CE souhaite aujourd\u2019hui revendre le VAE, c&rsquo;est pour vous permettre de tester d\u2019autres moyens de locomotion actifs. Nous envisageons d\u2019acheter une trottinette \u00e9lectrique et\/ou un v\u00e9lo pliant (ou [&hellip;]<\/p>\n","protected":false},"author":1,"featured_media":0,"comment_status":"open","ping_status":"closed","sticky":false,"template":"","format":"standard","meta":{"footnotes":""},"categories":[39],"tags":[],"class_list":["post-18265","post","type-post","status-publish","format-standard","hentry","category-transport"],"publishpress_future_action":{"enabled":false,"date":"2026-05-07 18:38:40","action":"category","newStatus":"draft","terms":[],"taxonomy":"category","extraData":[]},"publishpress_future_workflow_manual_trigger":{"enabledWorkflows":[]},"_links":{"self":[{"href":"https:\/\/www.ce-illkirch.fr\/wordpress\/wp-json\/wp\/v2\/posts\/18265","targetHints":{"allow":["GET"]}}],"collection":[{"href":"https:\/\/www.ce-illkirch.fr\/wordpress\/wp-json\/wp\/v2\/posts"}],"about":[{"href":"https:\/\/www.ce-illkirch.fr\/wordpress\/wp-json\/wp\/v2\/types\/post"}],"author":[{"embeddable":true,"href":"https:\/\/www.ce-illkirch.fr\/wordpress\/wp-json\/wp\/v2\/users\/1"}],"replies":[{"embeddable":true,"href":"https:\/\/www.ce-illkirch.fr\/wordpress\/wp-json\/wp\/v2\/comments?post=18265"}],"version-history":[{"count":1,"href":"https:\/\/www.ce-illkirch.fr\/wordpress\/wp-json\/wp\/v2\/posts\/18265\/revisions"}],"predecessor-version":[{"id":37651,"href":"https:\/\/www.ce-illkirch.fr\/wordpress\/wp-json\/wp\/v2\/posts\/18265\/revisions\/37651"}],"wp:attachment":[{"href":"https:\/\/www.ce-illkirch.fr\/wordpress\/wp-json\/wp\/v2\/media?parent=18265"}],"wp:term":[{"taxonomy":"category","embeddable":true,"href":"https:\/\/www.ce-illkirch.fr\/wordpress\/wp-json\/wp\/v2\/categories?post=18265"},{"taxonomy":"post_tag","embeddable":true,"href":"https:\/\/www.ce-illkirch.fr\/wordpress\/wp-json\/wp\/v2\/tags?post=18265"}],"curies":[{"name":"wp","href":"https:\/\/api.w.org\/{rel}","templated":true}]}}