{"id":18464,"date":"2016-10-26T09:27:44","date_gmt":"2016-10-26T08:27:44","guid":{"rendered":"http:\/\/www.ce-illkirch.fr\/wordpress\/?p=18464"},"modified":"2016-10-26T09:27:44","modified_gmt":"2016-10-26T08:27:44","slug":"18464","status":"publish","type":"post","link":"https:\/\/www.ce-illkirch.fr\/wordpress\/2016\/10\/logement\/18464\/","title":{"rendered":"Br\u00e8ves sociales nov 2016"},"content":{"rendered":"<p><a href=\"http:\/\/www.ce-illkirch.fr\/wordpress\/wp-content\/uploads\/ServiceSocialConseilEnEntreprises.png\"><img loading=\"lazy\" decoding=\"async\" class=\"alignleft size-thumbnail wp-image-17959\" alt=\"ServiceSocialConseilEnEntreprises\" src=\"http:\/\/www.ce-illkirch.fr\/wordpress\/wp-content\/uploads\/ServiceSocialConseilEnEntreprises-150x150.png\" width=\"116\" height=\"116\" \/><\/a><\/p>\n<p>14 au 20 novembre : 20\u00e8me \u00e9dition de la semaine Europ\u00e9enne pour l&#8217;emploi des personnes handicap\u00e9es<br \/>\nC&rsquo;est tout naturellement que nous consacrons notre\u00a0<a href=\"http:\/\/www.ce-illkirch.fr\/wordpress\/wp-content\/uploads\/Breves-sociales-novembre-2016-SSCE-ALE.pdf\">Breves sociales novembre 2016<\/a> aux questions li\u00e9es au handicap et plus g\u00e9n\u00e9ralement \u00e0 la sant\u00e9. Bonne lecture !<\/p>\n<p><span style=\"text-decoration: underline;\">Sommaire :<\/span><\/p>\n<ul>\n<li>\u00a0Inaptitude, handicap, invalidit\u00e9, incapacit\u00e9<\/li>\n<li>de quoi parle-t-on vraiment?<\/li>\n<li>\u00a0D\u00e9clarer un arr\u00eat de travail \u00e0 la CPAM<\/li>\n<li>\u00a0La Protection Universelle Maladie<\/li>\n<li>\u00a0RQTH pour qui, pourquoi?<\/li>\n<\/ul>\n<p><span style=\"text-decoration: underline;\">Contact :<\/span><br \/>\nFadila Faulhaber, Assistante Sociale fadila.faulhaber@ssce.eu<br \/>\nPermanences chez ALE :<br \/>\nTous les lundis matin de 9 h \u00e0 12h30<\/p>\n","protected":false},"excerpt":{"rendered":"<p>14 au 20 novembre : 20\u00e8me \u00e9dition de la semaine Europ\u00e9enne pour l&#8217;emploi des personnes handicap\u00e9es C&rsquo;est tout naturellement que nous consacrons notre\u00a0Breves sociales novembre 2016 aux questions li\u00e9es au [&hellip;]<\/p>\n","protected":false},"author":1,"featured_media":0,"comment_status":"open","ping_status":"closed","sticky":false,"template":"","format":"standard","meta":{"footnotes":""},"categories":[15],"tags":[],"class_list":["post-18464","post","type-post","status-publish","format-standard","hentry","category-logement"],"publishpress_future_action":{"enabled":false,"date":"2026-05-07 06:00:25","action":"category","newStatus":"draft","terms":[],"taxonomy":"category","extraData":[]},"publishpress_future_workflow_manual_trigger":{"enabledWorkflows":[]},"_links":{"self":[{"href":"https:\/\/www.ce-illkirch.fr\/wordpress\/wp-json\/wp\/v2\/posts\/18464","targetHints":{"allow":["GET"]}}],"collection":[{"href":"https:\/\/www.ce-illkirch.fr\/wordpress\/wp-json\/wp\/v2\/posts"}],"about":[{"href":"https:\/\/www.ce-illkirch.fr\/wordpress\/wp-json\/wp\/v2\/types\/post"}],"author":[{"embeddable":true,"href":"https:\/\/www.ce-illkirch.fr\/wordpress\/wp-json\/wp\/v2\/users\/1"}],"replies":[{"embeddable":true,"href":"https:\/\/www.ce-illkirch.fr\/wordpress\/wp-json\/wp\/v2\/comments?post=18464"}],"version-history":[{"count":0,"href":"https:\/\/www.ce-illkirch.fr\/wordpress\/wp-json\/wp\/v2\/posts\/18464\/revisions"}],"wp:attachment":[{"href":"https:\/\/www.ce-illkirch.fr\/wordpress\/wp-json\/wp\/v2\/media?parent=18464"}],"wp:term":[{"taxonomy":"category","embeddable":true,"href":"https:\/\/www.ce-illkirch.fr\/wordpress\/wp-json\/wp\/v2\/categories?post=18464"},{"taxonomy":"post_tag","embeddable":true,"href":"https:\/\/www.ce-illkirch.fr\/wordpress\/wp-json\/wp\/v2\/tags?post=18464"}],"curies":[{"name":"wp","href":"https:\/\/api.w.org\/{rel}","templated":true}]}}