{"id":18501,"date":"2017-08-02T08:17:44","date_gmt":"2017-08-02T07:17:44","guid":{"rendered":"http:\/\/www.ce-illkirch.fr\/wordpress\/?p=18501"},"modified":"2017-08-02T08:17:44","modified_gmt":"2017-08-02T07:17:44","slug":"fete-de-noel-enfants","status":"publish","type":"post","link":"https:\/\/www.ce-illkirch.fr\/wordpress\/2017\/08\/billet\/fete-de-noel-enfants\/","title":{"rendered":"F\u00eate de No\u00ebl enfants 2017"},"content":{"rendered":"<p><a href=\"http:\/\/www.ce-illkirch.fr\/wordpress\/wp-content\/uploads\/pere_noel_oh1.jpg\"><img loading=\"lazy\" decoding=\"async\" class=\"alignleft size-full wp-image-18443\" alt=\"pere_noel_oh\" src=\"http:\/\/www.ce-illkirch.fr\/wordpress\/wp-content\/uploads\/pere_noel_oh1.jpg\" width=\"88\" height=\"110\" \/><\/a>R\u00e9servez la date ! <strong>dimanche 10 d\u00e9cembre \u00e0 16h<\/strong> \u00e0 Kirrwiller : Royal Palace go\u00fbter et spectacle<\/p>\n<p>Vente des billets (2 \u20ac) \u00e0 partir<span style=\"text-decoration: underline;\"> du 1\/10<\/span> au CE.<\/p>\n<p>Si vous \u00eates int\u00e9ress\u00e9 par un car pour le transport (\u00e0 votre charge, tarif \u00e0 pr\u00e9ciser) merci de remplir ce <a href=\"https:\/\/doodle.com\/poll\/us2qx8yyt6h9euy4\" target=\"_blank\">Sondage<\/a><\/p>\n<p>&nbsp;<\/p>\n","protected":false},"excerpt":{"rendered":"<p>R\u00e9servez la date ! dimanche 10 d\u00e9cembre \u00e0 16h \u00e0 Kirrwiller : Royal Palace go\u00fbter et spectacle Vente des billets (2 \u20ac) \u00e0 partir du 1\/10 au CE. Si vous [&hellip;]<\/p>\n","protected":false},"author":1,"featured_media":0,"comment_status":"open","ping_status":"closed","sticky":false,"template":"","format":"standard","meta":{"footnotes":""},"categories":[6,16,17,18],"tags":[],"class_list":["post-18501","post","type-post","status-publish","format-standard","hentry","category-billet","category-loisirs","category-loisirs-subvention-theatre","category-loisirs-sorties"],"publishpress_future_action":{"enabled":false,"date":"2026-05-08 07:36:03","action":"category","newStatus":"draft","terms":[],"taxonomy":"category","extraData":[]},"publishpress_future_workflow_manual_trigger":{"enabledWorkflows":[]},"_links":{"self":[{"href":"https:\/\/www.ce-illkirch.fr\/wordpress\/wp-json\/wp\/v2\/posts\/18501","targetHints":{"allow":["GET"]}}],"collection":[{"href":"https:\/\/www.ce-illkirch.fr\/wordpress\/wp-json\/wp\/v2\/posts"}],"about":[{"href":"https:\/\/www.ce-illkirch.fr\/wordpress\/wp-json\/wp\/v2\/types\/post"}],"author":[{"embeddable":true,"href":"https:\/\/www.ce-illkirch.fr\/wordpress\/wp-json\/wp\/v2\/users\/1"}],"replies":[{"embeddable":true,"href":"https:\/\/www.ce-illkirch.fr\/wordpress\/wp-json\/wp\/v2\/comments?post=18501"}],"version-history":[{"count":0,"href":"https:\/\/www.ce-illkirch.fr\/wordpress\/wp-json\/wp\/v2\/posts\/18501\/revisions"}],"wp:attachment":[{"href":"https:\/\/www.ce-illkirch.fr\/wordpress\/wp-json\/wp\/v2\/media?parent=18501"}],"wp:term":[{"taxonomy":"category","embeddable":true,"href":"https:\/\/www.ce-illkirch.fr\/wordpress\/wp-json\/wp\/v2\/categories?post=18501"},{"taxonomy":"post_tag","embeddable":true,"href":"https:\/\/www.ce-illkirch.fr\/wordpress\/wp-json\/wp\/v2\/tags?post=18501"}],"curies":[{"name":"wp","href":"https:\/\/api.w.org\/{rel}","templated":true}]}}