{"id":18987,"date":"2017-01-16T09:00:31","date_gmt":"2017-01-16T08:00:31","guid":{"rendered":"http:\/\/www.ce-illkirch.fr\/wordpress\/?p=18987"},"modified":"2017-01-16T09:00:31","modified_gmt":"2017-01-16T08:00:31","slug":"chantier-participatif-plantation-de-haie-a-eschau","status":"publish","type":"post","link":"https:\/\/www.ce-illkirch.fr\/wordpress\/2017\/01\/ecologie\/chantier-participatif-plantation-de-haie-a-eschau\/","title":{"rendered":"Chantier participatif plantation de haie \u00e0 Eschau"},"content":{"rendered":"<p><strong><a href=\"http:\/\/www.ce-illkirch.fr\/wordpress\/wp-content\/uploads\/Plantation_de_haie.jpg\"><img loading=\"lazy\" decoding=\"async\" class=\"alignleft size-full wp-image-18988\" alt=\"Plantation_de_haie\" src=\"http:\/\/www.ce-illkirch.fr\/wordpress\/wp-content\/uploads\/Plantation_de_haie.jpg\" width=\"150\" height=\"150\" \/><\/a>Samedi 28\/01\/2017<br \/>\n<\/strong><\/p>\n<p>Au programme du jour, une plantation de haies et, plus tard, la mise en \u0153uvre d\u2019une prairie naturelle pour cette parcelle proche du Rhin Tortu. Venez nous aider \u00e0 cr\u00e9er ce nouvel espace d\u00e9di\u00e9 \u00e0 la nature !<br \/>\n<a href=\"http:\/\/haies-vives-alsace.org\/wp-content\/uploads\/2016\/12\/Chantier-Eschau.pdf\" target=\"_blank\">Plus d\u2019infos et inscription<\/a><\/p>\n<p>Propos\u00e9 par <a title=\"Haies Vives d'Alsace\" href=\"http:\/\/haies-vives-alsace.org\/\" target=\"_blank\">Haies Vives d&rsquo;Alsace<\/a>, association de promotion de l&rsquo;arbre champ\u00eatre.<\/p>\n<p>Accueil \u00e0 partir de 9h30. Fin de la journ\u00e9e \u00e0 17h.<\/p>\n<p>&nbsp;<\/p>\n<p>&nbsp;<\/p>\n","protected":false},"excerpt":{"rendered":"<p>Samedi 28\/01\/2017 Au programme du jour, une plantation de haies et, plus tard, la mise en \u0153uvre d\u2019une prairie naturelle pour cette parcelle proche du Rhin Tortu. Venez nous aider [&hellip;]<\/p>\n","protected":false},"author":1,"featured_media":0,"comment_status":"open","ping_status":"closed","sticky":false,"template":"","format":"standard","meta":{"footnotes":""},"categories":[10,16,18],"tags":[],"class_list":["post-18987","post","type-post","status-publish","format-standard","hentry","category-ecologie","category-loisirs","category-loisirs-sorties"],"publishpress_future_action":{"enabled":false,"date":"2026-05-08 06:24:53","action":"category","newStatus":"draft","terms":[],"taxonomy":"category","extraData":[]},"publishpress_future_workflow_manual_trigger":{"enabledWorkflows":[]},"_links":{"self":[{"href":"https:\/\/www.ce-illkirch.fr\/wordpress\/wp-json\/wp\/v2\/posts\/18987","targetHints":{"allow":["GET"]}}],"collection":[{"href":"https:\/\/www.ce-illkirch.fr\/wordpress\/wp-json\/wp\/v2\/posts"}],"about":[{"href":"https:\/\/www.ce-illkirch.fr\/wordpress\/wp-json\/wp\/v2\/types\/post"}],"author":[{"embeddable":true,"href":"https:\/\/www.ce-illkirch.fr\/wordpress\/wp-json\/wp\/v2\/users\/1"}],"replies":[{"embeddable":true,"href":"https:\/\/www.ce-illkirch.fr\/wordpress\/wp-json\/wp\/v2\/comments?post=18987"}],"version-history":[{"count":0,"href":"https:\/\/www.ce-illkirch.fr\/wordpress\/wp-json\/wp\/v2\/posts\/18987\/revisions"}],"wp:attachment":[{"href":"https:\/\/www.ce-illkirch.fr\/wordpress\/wp-json\/wp\/v2\/media?parent=18987"}],"wp:term":[{"taxonomy":"category","embeddable":true,"href":"https:\/\/www.ce-illkirch.fr\/wordpress\/wp-json\/wp\/v2\/categories?post=18987"},{"taxonomy":"post_tag","embeddable":true,"href":"https:\/\/www.ce-illkirch.fr\/wordpress\/wp-json\/wp\/v2\/tags?post=18987"}],"curies":[{"name":"wp","href":"https:\/\/api.w.org\/{rel}","templated":true}]}}