{"id":19466,"date":"2017-05-03T10:35:51","date_gmt":"2017-05-03T09:35:51","guid":{"rendered":"http:\/\/www.ce-illkirch.fr\/wordpress\/?p=19466"},"modified":"2023-01-23T14:20:13","modified_gmt":"2023-01-23T13:20:13","slug":"nouveau-partenaire-vita-colo","status":"publish","type":"post","link":"https:\/\/www.ce-illkirch.fr\/wordpress\/2017\/05\/53\/nouveau-partenaire-vita-colo\/","title":{"rendered":"Nouveau partenaire Vita colo"},"content":{"rendered":"<p><a href=\"http:\/\/www.ce-illkirch.fr\/wordpress\/wp-content\/uploads\/logo-vitacolo.jpg\"><img loading=\"lazy\" decoding=\"async\" class=\"alignleft size-full wp-image-19467\" src=\"http:\/\/www.ce-illkirch.fr\/wordpress\/wp-content\/uploads\/logo-vitacolo.jpg\" alt=\"logo-vitacolo\" width=\"225\" height=\"137\" \/><\/a>\u00a0Association Vitacolo, les colos \u00e0 projet pour les jeunes de 4 \u00e0 17 ans. 5 % de r\u00e9duction accord\u00e9s et gratuit\u00e9 des frais d&rsquo;assurance\u00a0 en indiquant \u00ab\u00a0CE AL-Enterprise\u00a0\u00bb sur le <a href=\"http:\/\/www.vitacolo.fr\/\" target=\"_blank\" rel=\"noopener\">site internet<\/a>, \u00e0 la r\u00e9servation. Des s\u00e9jours \u00e0 Obernai !<\/p>\n<p><b>Des s\u00e9jours de 15 jours, avec des projets \u00e0 fort imaginaire, avec un encadrement d&rsquo;un animateur pour 5 jeunes \u00e0 des prix tr\u00e8s abordables !<\/b><\/p>\n<p><b>Suivez ce <a href=\"https:\/\/fr.calameo.com\/books\/005032406deac216d2985\" target=\"_blank\" rel=\"noopener\">lien<\/a><\/b><\/p>\n<p><a href=\"http:\/\/www.ce-illkirch.fr\/wordpress\/wp-content\/uploads\/VITACOLO-LISTING-COLOS-2017.pdf\" target=\"_blank\" rel=\"noopener\">Listing<\/a><\/p>\n<p>&nbsp;<\/p>\n","protected":false},"excerpt":{"rendered":"<p>\u00a0Association Vitacolo, les colos \u00e0 projet pour les jeunes de 4 \u00e0 17 ans. 5 % de r\u00e9duction accord\u00e9s et gratuit\u00e9 des frais d&rsquo;assurance\u00a0 en indiquant \u00ab\u00a0CE AL-Enterprise\u00a0\u00bb sur le [&hellip;]<\/p>\n","protected":false},"author":1,"featured_media":0,"comment_status":"open","ping_status":"closed","sticky":false,"template":"","format":"standard","meta":{"footnotes":""},"categories":[4,8],"tags":[],"class_list":["post-19466","post","type-post","status-publish","format-standard","hentry","category-4","category-colonies-de-vacances-53"],"publishpress_future_action":{"enabled":false,"date":"2026-05-07 02:04:39","action":"category","newStatus":"draft","terms":[],"taxonomy":"category","extraData":[]},"publishpress_future_workflow_manual_trigger":{"enabledWorkflows":[]},"_links":{"self":[{"href":"https:\/\/www.ce-illkirch.fr\/wordpress\/wp-json\/wp\/v2\/posts\/19466","targetHints":{"allow":["GET"]}}],"collection":[{"href":"https:\/\/www.ce-illkirch.fr\/wordpress\/wp-json\/wp\/v2\/posts"}],"about":[{"href":"https:\/\/www.ce-illkirch.fr\/wordpress\/wp-json\/wp\/v2\/types\/post"}],"author":[{"embeddable":true,"href":"https:\/\/www.ce-illkirch.fr\/wordpress\/wp-json\/wp\/v2\/users\/1"}],"replies":[{"embeddable":true,"href":"https:\/\/www.ce-illkirch.fr\/wordpress\/wp-json\/wp\/v2\/comments?post=19466"}],"version-history":[{"count":1,"href":"https:\/\/www.ce-illkirch.fr\/wordpress\/wp-json\/wp\/v2\/posts\/19466\/revisions"}],"predecessor-version":[{"id":32200,"href":"https:\/\/www.ce-illkirch.fr\/wordpress\/wp-json\/wp\/v2\/posts\/19466\/revisions\/32200"}],"wp:attachment":[{"href":"https:\/\/www.ce-illkirch.fr\/wordpress\/wp-json\/wp\/v2\/media?parent=19466"}],"wp:term":[{"taxonomy":"category","embeddable":true,"href":"https:\/\/www.ce-illkirch.fr\/wordpress\/wp-json\/wp\/v2\/categories?post=19466"},{"taxonomy":"post_tag","embeddable":true,"href":"https:\/\/www.ce-illkirch.fr\/wordpress\/wp-json\/wp\/v2\/tags?post=19466"}],"curies":[{"name":"wp","href":"https:\/\/api.w.org\/{rel}","templated":true}]}}