{"id":19499,"date":"2020-06-12T09:26:51","date_gmt":"2020-06-12T07:26:51","guid":{"rendered":"http:\/\/www.ce-illkirch.fr\/wordpress\/?p=19499"},"modified":"2020-06-12T15:43:31","modified_gmt":"2020-06-12T13:43:31","slug":"danse-pole-sud","status":"publish","type":"post","link":"https:\/\/www.ce-illkirch.fr\/wordpress\/2020\/06\/billet\/danse-pole-sud\/","title":{"rendered":"Pole Sud 2020\/2021"},"content":{"rendered":"<p><strong>PR\u00c9SENTATION DE LA SAISON 2020-2021<\/strong><\/p>\n<p><strong>\u00a0<\/strong><strong>MA 23 + ME 24 + JE 25 JUIN &#8211; 19:00 \/ POLE-SUD studio<\/strong><\/p>\n<p>Petit \u00e0 petit nous retrouvons le chemin du th\u00e9\u00e2tre et nous nous pr\u00e9parons \u00e0 vous y accueillir. En respectant les gestes barri\u00e8res et la s\u00e9curit\u00e9 sanitaire, nous vous invitons \u00e0 d\u00e9couvrir le programme des interventions po\u00e9tiques et chor\u00e9graphiques de la saison 2020-2021.<\/p>\n<p><strong>Maximum 30 personnes par soir.<\/strong><strong><br \/>\nUniquement sur r\u00e9servation : <a href=\"mailto:billetterie@pole-sud.fr\">billetterie@pole-sud.fr<\/a> \/ 03 88 39 23 40<\/strong><br \/>\n<strong>La jauge \u00e9tant tr\u00e8s limit\u00e9e, si vous vous d\u00e9sistez, merci de nous pr\u00e9venir.<\/strong><br \/>\n<a href=\"mailto:billetterie@pole-sud.fr\"><strong>JE R\u00c9SERVE !<\/strong><\/a><\/p>\n<p>Cette invitation est valable dans la limite des places disponibles.<\/p>\n<p><strong>SUR-MESURE<\/strong><br \/>\n\u00c0 partir du LU 22 JUIN &#8211; Chez vous, \u00e0 POLE-SUD ou en visioconf\u00e9rence<br \/>\nRassemblez quelques ami.e.s (10 maximum) et prenez rendez-vous avec Christiane, Sylvie, Maeva ou Ir\u00e8ne pour une pr\u00e9sentation sur-mesure.<br \/>\n<strong>R\u00e9servation : <a href=\"mailto:m.caboche@pole-sud.fr\">m.caboche@pole-sud.fr<\/a> \/ 03 88 39 23 40<\/strong><\/p>\n","protected":false},"excerpt":{"rendered":"<p>PR\u00c9SENTATION DE LA SAISON 2020-2021 \u00a0MA 23 + ME 24 + JE 25 JUIN &#8211; 19:00 \/ POLE-SUD studio Petit \u00e0 petit nous retrouvons le chemin du th\u00e9\u00e2tre et nous [&hellip;]<\/p>\n","protected":false},"author":1,"featured_media":27210,"comment_status":"open","ping_status":"closed","sticky":false,"template":"","format":"standard","meta":{"footnotes":""},"categories":[6,9],"tags":[],"class_list":["post-19499","post","type-post","status-publish","format-standard","has-post-thumbnail","hentry","category-billet","category-concerts"],"publishpress_future_action":{"enabled":false,"date":"2026-05-07 09:23:45","action":"category","newStatus":"draft","terms":[],"taxonomy":"category","extraData":[]},"publishpress_future_workflow_manual_trigger":{"enabledWorkflows":[]},"_links":{"self":[{"href":"https:\/\/www.ce-illkirch.fr\/wordpress\/wp-json\/wp\/v2\/posts\/19499","targetHints":{"allow":["GET"]}}],"collection":[{"href":"https:\/\/www.ce-illkirch.fr\/wordpress\/wp-json\/wp\/v2\/posts"}],"about":[{"href":"https:\/\/www.ce-illkirch.fr\/wordpress\/wp-json\/wp\/v2\/types\/post"}],"author":[{"embeddable":true,"href":"https:\/\/www.ce-illkirch.fr\/wordpress\/wp-json\/wp\/v2\/users\/1"}],"replies":[{"embeddable":true,"href":"https:\/\/www.ce-illkirch.fr\/wordpress\/wp-json\/wp\/v2\/comments?post=19499"}],"version-history":[{"count":2,"href":"https:\/\/www.ce-illkirch.fr\/wordpress\/wp-json\/wp\/v2\/posts\/19499\/revisions"}],"predecessor-version":[{"id":27211,"href":"https:\/\/www.ce-illkirch.fr\/wordpress\/wp-json\/wp\/v2\/posts\/19499\/revisions\/27211"}],"wp:featuredmedia":[{"embeddable":true,"href":"https:\/\/www.ce-illkirch.fr\/wordpress\/wp-json\/wp\/v2\/media\/27210"}],"wp:attachment":[{"href":"https:\/\/www.ce-illkirch.fr\/wordpress\/wp-json\/wp\/v2\/media?parent=19499"}],"wp:term":[{"taxonomy":"category","embeddable":true,"href":"https:\/\/www.ce-illkirch.fr\/wordpress\/wp-json\/wp\/v2\/categories?post=19499"},{"taxonomy":"post_tag","embeddable":true,"href":"https:\/\/www.ce-illkirch.fr\/wordpress\/wp-json\/wp\/v2\/tags?post=19499"}],"curies":[{"name":"wp","href":"https:\/\/api.w.org\/{rel}","templated":true}]}}