{"id":19537,"date":"2017-03-31T09:56:33","date_gmt":"2017-03-31T08:56:33","guid":{"rendered":"http:\/\/www.ce-illkirch.fr\/wordpress\/?p=19537"},"modified":"2017-03-31T09:56:33","modified_gmt":"2017-03-31T08:56:33","slug":"google-lance-le-velo-autonome-aux-pays-bas","status":"publish","type":"post","link":"https:\/\/www.ce-illkirch.fr\/wordpress\/2017\/03\/transport\/google-lance-le-velo-autonome-aux-pays-bas\/","title":{"rendered":"Google lance le v\u00e9lo autonome aux Pays-Bas"},"content":{"rendered":"<p>Le <a href=\"http:\/\/www.stuffi.fr\/velo-autonome-arrive-bientot\/\" target=\"_blank\">v\u00e9lo autonome d\u00e9velopp\u00e9 par une universit\u00e9 indienne<\/a> va avoir de la concurrence : en effet, c\u2019est bien Google <em>itself<\/em> qui pr\u00e9sente aujourd\u2019hui sa bicyclette intelligente\u00a0fonctionnant sans que vous ayez besoin de la diriger !<\/p>\n<h3><a href=\"https:\/\/www.google.fr\/url?sa=t&amp;rct=j&amp;q=&amp;esrc=s&amp;source=web&amp;cd=1&amp;cad=rja&amp;uact=8&amp;ved=0ahUKEwj71J_zroDTAhVGSBQKHUuQA38QtwIIGjAA&amp;url=https%3A%2F%2Fwww.youtube.com%2Fwatch%3Fv%3DLSZPNwZex9s&amp;usg=AFQjCNGXLH0F_QpxQbDH5KVd7KSRc1xTEg\">Introducing the self-driving bicycle in the Netherlands &#8211; YouTube<\/a><\/h3>\n","protected":false},"excerpt":{"rendered":"<p>Le v\u00e9lo autonome d\u00e9velopp\u00e9 par une universit\u00e9 indienne va avoir de la concurrence : en effet, c\u2019est bien Google itself qui pr\u00e9sente aujourd\u2019hui sa bicyclette intelligente\u00a0fonctionnant sans que vous ayez [&hellip;]<\/p>\n","protected":false},"author":1,"featured_media":0,"comment_status":"open","ping_status":"closed","sticky":false,"template":"","format":"standard","meta":{"footnotes":""},"categories":[39],"tags":[],"class_list":["post-19537","post","type-post","status-publish","format-standard","hentry","category-transport"],"publishpress_future_action":{"enabled":false,"date":"2026-05-07 18:34:38","action":"category","newStatus":"draft","terms":[],"taxonomy":"category","extraData":[]},"publishpress_future_workflow_manual_trigger":{"enabledWorkflows":[]},"_links":{"self":[{"href":"https:\/\/www.ce-illkirch.fr\/wordpress\/wp-json\/wp\/v2\/posts\/19537","targetHints":{"allow":["GET"]}}],"collection":[{"href":"https:\/\/www.ce-illkirch.fr\/wordpress\/wp-json\/wp\/v2\/posts"}],"about":[{"href":"https:\/\/www.ce-illkirch.fr\/wordpress\/wp-json\/wp\/v2\/types\/post"}],"author":[{"embeddable":true,"href":"https:\/\/www.ce-illkirch.fr\/wordpress\/wp-json\/wp\/v2\/users\/1"}],"replies":[{"embeddable":true,"href":"https:\/\/www.ce-illkirch.fr\/wordpress\/wp-json\/wp\/v2\/comments?post=19537"}],"version-history":[{"count":0,"href":"https:\/\/www.ce-illkirch.fr\/wordpress\/wp-json\/wp\/v2\/posts\/19537\/revisions"}],"wp:attachment":[{"href":"https:\/\/www.ce-illkirch.fr\/wordpress\/wp-json\/wp\/v2\/media?parent=19537"}],"wp:term":[{"taxonomy":"category","embeddable":true,"href":"https:\/\/www.ce-illkirch.fr\/wordpress\/wp-json\/wp\/v2\/categories?post=19537"},{"taxonomy":"post_tag","embeddable":true,"href":"https:\/\/www.ce-illkirch.fr\/wordpress\/wp-json\/wp\/v2\/tags?post=19537"}],"curies":[{"name":"wp","href":"https:\/\/api.w.org\/{rel}","templated":true}]}}