{"id":19586,"date":"2017-04-05T14:38:06","date_gmt":"2017-04-05T13:38:06","guid":{"rendered":"http:\/\/www.ce-illkirch.fr\/wordpress\/?p=19586"},"modified":"2017-04-05T14:38:06","modified_gmt":"2017-04-05T13:38:06","slug":"breves-du-service-social-2","status":"publish","type":"post","link":"https:\/\/www.ce-illkirch.fr\/wordpress\/2017\/04\/logement\/breves-du-service-social-2\/","title":{"rendered":"Br\u00e8ves du Service Social"},"content":{"rendered":"<p><a href=\"http:\/\/www.ce-illkirch.fr\/wordpress\/wp-content\/uploads\/ServiceSocialConseilEnEntreprises.png\"><img loading=\"lazy\" decoding=\"async\" class=\"alignleft size-full wp-image-17959\" alt=\"ServiceSocialConseilEnEntreprises\" src=\"http:\/\/www.ce-illkirch.fr\/wordpress\/wp-content\/uploads\/ServiceSocialConseilEnEntreprises.png\" width=\"197\" height=\"104\" \/><\/a>Le printemps rime g\u00e9n\u00e9ralement avec retour des beaux jours mais aussi avec <strong>d\u00e9claration d&rsquo;imp\u00f4ts<\/strong>! C&rsquo;est donc tout naturellement que nous y consacrons <a href=\"http:\/\/www.ce-illkirch.fr\/wordpress\/wp-content\/uploads\/Breves-sociales-avril-2017-ALE.pdf\">ce num\u00e9ro des br\u00e8ves sociales avril 2017<\/a>.<\/p>\n<p><span style=\"text-decoration: underline;\">Sommaire :<\/span><\/p>\n<ul>\n<li>Votre situation familiale a chang\u00e9 &#8211;<\/li>\n<li>Vous \u00eates s\u00e9par\u00e9s ou divorc\u00e9s et avez des enfants &#8211;<\/li>\n<li>La prestation compensatoire &#8211;<\/li>\n<li>Les cr\u00e9dits d\u2019imp\u00f4ts services \u00e0 domicile et gardes d\u2019enfants &#8211;<\/li>\n<li>Vos enfants jeunes majeurs &#8211;<\/li>\n<li>Bourse et logement universitaires \u2013 inscription 31\/05\/2017 &#8211;<\/li>\n<li>L\u2019indemnit\u00e9 de d\u00e9part \u00e0 la retraite<\/li>\n<\/ul>\n<p><span style=\"text-decoration: underline;\">Contact :<\/span><br \/>\nFadila Faulhaber, Assistante Sociale<br \/>\nfadila.faulhaber@ssce.eu<br \/>\nPermanences chez ALCATEL :<br \/>\nTous les lundis matin de 9 h \u00e0 12h30<\/p>\n","protected":false},"excerpt":{"rendered":"<p>Le printemps rime g\u00e9n\u00e9ralement avec retour des beaux jours mais aussi avec d\u00e9claration d&rsquo;imp\u00f4ts! C&rsquo;est donc tout naturellement que nous y consacrons ce num\u00e9ro des br\u00e8ves sociales avril 2017. Sommaire [&hellip;]<\/p>\n","protected":false},"author":1,"featured_media":0,"comment_status":"open","ping_status":"closed","sticky":false,"template":"","format":"standard","meta":{"footnotes":""},"categories":[15],"tags":[],"class_list":["post-19586","post","type-post","status-publish","format-standard","hentry","category-logement"],"publishpress_future_action":{"enabled":false,"date":"2026-05-07 06:10:20","action":"category","newStatus":"draft","terms":[],"taxonomy":"category","extraData":[]},"publishpress_future_workflow_manual_trigger":{"enabledWorkflows":[]},"_links":{"self":[{"href":"https:\/\/www.ce-illkirch.fr\/wordpress\/wp-json\/wp\/v2\/posts\/19586","targetHints":{"allow":["GET"]}}],"collection":[{"href":"https:\/\/www.ce-illkirch.fr\/wordpress\/wp-json\/wp\/v2\/posts"}],"about":[{"href":"https:\/\/www.ce-illkirch.fr\/wordpress\/wp-json\/wp\/v2\/types\/post"}],"author":[{"embeddable":true,"href":"https:\/\/www.ce-illkirch.fr\/wordpress\/wp-json\/wp\/v2\/users\/1"}],"replies":[{"embeddable":true,"href":"https:\/\/www.ce-illkirch.fr\/wordpress\/wp-json\/wp\/v2\/comments?post=19586"}],"version-history":[{"count":0,"href":"https:\/\/www.ce-illkirch.fr\/wordpress\/wp-json\/wp\/v2\/posts\/19586\/revisions"}],"wp:attachment":[{"href":"https:\/\/www.ce-illkirch.fr\/wordpress\/wp-json\/wp\/v2\/media?parent=19586"}],"wp:term":[{"taxonomy":"category","embeddable":true,"href":"https:\/\/www.ce-illkirch.fr\/wordpress\/wp-json\/wp\/v2\/categories?post=19586"},{"taxonomy":"post_tag","embeddable":true,"href":"https:\/\/www.ce-illkirch.fr\/wordpress\/wp-json\/wp\/v2\/tags?post=19586"}],"curies":[{"name":"wp","href":"https:\/\/api.w.org\/{rel}","templated":true}]}}