{"id":19669,"date":"2017-07-11T08:00:11","date_gmt":"2017-07-11T07:00:11","guid":{"rendered":"http:\/\/www.ce-illkirch.fr\/wordpress\/?p=19669"},"modified":"2017-07-11T08:00:11","modified_gmt":"2017-07-11T07:00:11","slug":"formation-1-place","status":"publish","type":"post","link":"https:\/\/www.ce-illkirch.fr\/wordpress\/2017\/07\/non-classe\/formation-1-place\/","title":{"rendered":"Formation : Bien vivre les changements"},"content":{"rendered":"<p><b>Il reste de la place sur la formation \u00ab\u00a0Bien vivre les changements\u00a0\u00bb<\/b><\/p>\n<p>Cette formation au format tr\u00e8s interactif rencontre du succ\u00e8s chez ALE: une 3<sup>e<\/sup> session est pr\u00e9vue les <b>4 et 5 Septembre<\/b> \u00e0 Illkirch.<\/p>\n<p>Pourquoi changer\u00a0? Pour changer quoi\u00a0? Si vous souhaitez comprendre les m\u00e9canismes humains associ\u00e9s au changement, faire face aux r\u00e9sistances au changement, et d\u00e9velopper vos capacit\u00e9s \u00e0 changer, n\u2019h\u00e9sitez pas, il reste de la place.<\/p>\n<p>Inscription : contacter CL Gibert ou G. Weber \u00e0 la DRH.<\/p>\n","protected":false},"excerpt":{"rendered":"<p>Il reste de la place sur la formation \u00ab\u00a0Bien vivre les changements\u00a0\u00bb Cette formation au format tr\u00e8s interactif rencontre du succ\u00e8s chez ALE: une 3e session est pr\u00e9vue les 4 [&hellip;]<\/p>\n","protected":false},"author":1,"featured_media":0,"comment_status":"open","ping_status":"closed","sticky":false,"template":"","format":"standard","meta":{"footnotes":""},"categories":[12,1,32],"tags":[],"class_list":["post-19669","post","type-post","status-publish","format-standard","hentry","category-formation","category-non-classe","category-site-ale"],"publishpress_future_action":{"enabled":false,"date":"2026-05-07 07:22:35","action":"category","newStatus":"draft","terms":[],"taxonomy":"category","extraData":[]},"publishpress_future_workflow_manual_trigger":{"enabledWorkflows":[]},"_links":{"self":[{"href":"https:\/\/www.ce-illkirch.fr\/wordpress\/wp-json\/wp\/v2\/posts\/19669","targetHints":{"allow":["GET"]}}],"collection":[{"href":"https:\/\/www.ce-illkirch.fr\/wordpress\/wp-json\/wp\/v2\/posts"}],"about":[{"href":"https:\/\/www.ce-illkirch.fr\/wordpress\/wp-json\/wp\/v2\/types\/post"}],"author":[{"embeddable":true,"href":"https:\/\/www.ce-illkirch.fr\/wordpress\/wp-json\/wp\/v2\/users\/1"}],"replies":[{"embeddable":true,"href":"https:\/\/www.ce-illkirch.fr\/wordpress\/wp-json\/wp\/v2\/comments?post=19669"}],"version-history":[{"count":0,"href":"https:\/\/www.ce-illkirch.fr\/wordpress\/wp-json\/wp\/v2\/posts\/19669\/revisions"}],"wp:attachment":[{"href":"https:\/\/www.ce-illkirch.fr\/wordpress\/wp-json\/wp\/v2\/media?parent=19669"}],"wp:term":[{"taxonomy":"category","embeddable":true,"href":"https:\/\/www.ce-illkirch.fr\/wordpress\/wp-json\/wp\/v2\/categories?post=19669"},{"taxonomy":"post_tag","embeddable":true,"href":"https:\/\/www.ce-illkirch.fr\/wordpress\/wp-json\/wp\/v2\/tags?post=19669"}],"curies":[{"name":"wp","href":"https:\/\/api.w.org\/{rel}","templated":true}]}}