{"id":19817,"date":"2017-05-04T14:52:08","date_gmt":"2017-05-04T13:52:08","guid":{"rendered":"http:\/\/www.ce-illkirch.fr\/wordpress\/?p=19817"},"modified":"2017-05-04T14:52:08","modified_gmt":"2017-05-04T13:52:08","slug":"vous-voulez-gouter-de-larroche","status":"publish","type":"post","link":"https:\/\/www.ce-illkirch.fr\/wordpress\/2017\/05\/ecologie\/vous-voulez-gouter-de-larroche\/","title":{"rendered":"Vous voulez gouter de l&rsquo;arroche ?"},"content":{"rendered":"<p><a href=\"http:\/\/www.ce-illkirch.fr\/wordpress\/wp-content\/uploads\/arroche.jpg\"><img loading=\"lazy\" decoding=\"async\" class=\"alignleft size-full wp-image-19818\" alt=\"arroche\" src=\"http:\/\/www.ce-illkirch.fr\/wordpress\/wp-content\/uploads\/arroche.jpg\" width=\"181\" height=\"242\" \/><\/a>L&rsquo;arroche rouge est une annuelle de 60\u00a0cm \u00e0 1,5\u00a0m de haut.<\/p>\n<p>Les feuilles se consomment tr\u00e8s fra\u00eeches, cuites \u00e0 la fa\u00e7on des \u00e9pinards. Les feuilles jeunes et tendres peuvent se consommer crues en salade. On les m\u00e9lange souvent aux feuilles d\u2019oseille pour corriger l\u2019acidit\u00e9 de ces derni\u00e8res.<\/p>\n<p>Nous avons laiss\u00e9 (expr\u00e8s) se ressemer l&rsquo;arroche que nous avions plant\u00e9e l&rsquo;an dernier dans les bacs devant la caf\u00e9t\u00e9ria. Elle est en ce moment bonne \u00e0 cueillir. Alors n&rsquo;h\u00e9sitez pas, et venez en r\u00e9colter !<\/p>\n<p>Vous pouvez aussi rejoindre le groupe de diffusion (interne ALE)<strong> O365\u00a0 <a title=\"Groupe O365 Ilkirch-jardin\" href=\"https:\/\/outlook.office.com\/owa\/?path=\/group\/illkirch-jardin@al-enterprise.com\/mail\" target=\"_blank\">Illkirch-jardin<\/a>.\u00a0<\/strong>Les \u00e9changes jardinage passent par ce groupe.<\/p>\n","protected":false},"excerpt":{"rendered":"<p>L&rsquo;arroche rouge est une annuelle de 60\u00a0cm \u00e0 1,5\u00a0m de haut. Les feuilles se consomment tr\u00e8s fra\u00eeches, cuites \u00e0 la fa\u00e7on des \u00e9pinards. Les feuilles jeunes et tendres peuvent se [&hellip;]<\/p>\n","protected":false},"author":1,"featured_media":0,"comment_status":"open","ping_status":"closed","sticky":false,"template":"","format":"standard","meta":{"footnotes":""},"categories":[10],"tags":[],"class_list":["post-19817","post","type-post","status-publish","format-standard","hentry","category-ecologie"],"publishpress_future_action":{"enabled":false,"date":"2026-05-08 04:46:07","action":"category","newStatus":"draft","terms":[],"taxonomy":"category","extraData":[]},"publishpress_future_workflow_manual_trigger":{"enabledWorkflows":[]},"_links":{"self":[{"href":"https:\/\/www.ce-illkirch.fr\/wordpress\/wp-json\/wp\/v2\/posts\/19817","targetHints":{"allow":["GET"]}}],"collection":[{"href":"https:\/\/www.ce-illkirch.fr\/wordpress\/wp-json\/wp\/v2\/posts"}],"about":[{"href":"https:\/\/www.ce-illkirch.fr\/wordpress\/wp-json\/wp\/v2\/types\/post"}],"author":[{"embeddable":true,"href":"https:\/\/www.ce-illkirch.fr\/wordpress\/wp-json\/wp\/v2\/users\/1"}],"replies":[{"embeddable":true,"href":"https:\/\/www.ce-illkirch.fr\/wordpress\/wp-json\/wp\/v2\/comments?post=19817"}],"version-history":[{"count":0,"href":"https:\/\/www.ce-illkirch.fr\/wordpress\/wp-json\/wp\/v2\/posts\/19817\/revisions"}],"wp:attachment":[{"href":"https:\/\/www.ce-illkirch.fr\/wordpress\/wp-json\/wp\/v2\/media?parent=19817"}],"wp:term":[{"taxonomy":"category","embeddable":true,"href":"https:\/\/www.ce-illkirch.fr\/wordpress\/wp-json\/wp\/v2\/categories?post=19817"},{"taxonomy":"post_tag","embeddable":true,"href":"https:\/\/www.ce-illkirch.fr\/wordpress\/wp-json\/wp\/v2\/tags?post=19817"}],"curies":[{"name":"wp","href":"https:\/\/api.w.org\/{rel}","templated":true}]}}