{"id":19905,"date":"2022-02-18T08:25:33","date_gmt":"2022-02-18T07:25:33","guid":{"rendered":"http:\/\/www.ce-illkirch.fr\/wordpress\/?p=19905"},"modified":"2023-02-13T18:36:01","modified_gmt":"2023-02-13T17:36:01","slug":"courses-run","status":"publish","type":"post","link":"https:\/\/www.ce-illkirch.fr\/wordpress\/2022\/02\/scabsi\/courses-run\/","title":{"rendered":"Asali : Courses Run&rsquo;Entreprises 2022"},"content":{"rendered":"<p>Afin de pimenter l\u2019ann\u00e9e, je vous propose de monter une \u00e9quipe pour le challenge Run&rsquo;Entreprise 2022.<\/p>\n<p>Ce challenge a pour but de r\u00e9unir les coureurs \u00e0 pied des entreprises du Bas-Rhin. L&rsquo;inscription est ouverte <strong>aux salari\u00e9s d&rsquo;ALE et leurs conjoint(e)s<\/strong>.<\/p>\n<p>Une \u00e9quipe est compos\u00e9e au maximum de 9 coureurs.<\/p>\n<p>Ouverts \u00e9galement aux conjoints<\/p>\n<p>La liste des courses retenues par l&rsquo;organisation est la suivante:<\/p>\n<p><strong>\u00a0<\/strong><strong>RUN\u2019ENTREPRISE 2022<\/strong>\u00a0:<\/p>\n<table>\n<tbody>\n<tr>\n<td><strong>Date<\/strong><\/td>\n<td><strong>Course<\/strong><\/td>\n<td><strong>Distance<\/strong><\/td>\n<\/tr>\n<tr>\n<td><strong>Mars 22<\/strong><\/td>\n<td>Vendenheim (Boucles F\u00e9dinoises)<\/td>\n<td>10km<\/td>\n<\/tr>\n<tr>\n<td><strong>10 Avr 22 (non confirm\u00e9e)<\/strong><\/td>\n<td>Schiltigheim (la Course des brasseurs)<\/td>\n<td>10km<\/td>\n<\/tr>\n<tr>\n<td><strong>8 Mai 22<\/strong><\/td>\n<td>Courses de Strasbourg<\/td>\n<td>10 \u2013 21km<\/td>\n<\/tr>\n<tr>\n<td><strong>26 Juin 22<\/strong><\/td>\n<td>Molsheim (Marathon du Vignoble)<\/td>\n<td>10 \u2013 21km<\/td>\n<\/tr>\n<tr>\n<td><strong>09 Juillet 22<\/strong><\/td>\n<td>Obernai (Onze d\u2019Obernai)<\/td>\n<td>11km<\/td>\n<\/tr>\n<tr>\n<td><strong>27 Ao\u00fbt 22<\/strong><\/td>\n<td>Dachstein (les Foul\u00e9es du Patrimoine)<\/td>\n<td>10km<\/td>\n<\/tr>\n<tr>\n<td><strong>11 Sept 22<\/strong><\/td>\n<td>Wolfisheim (La COW)<\/td>\n<td>10km<\/td>\n<\/tr>\n<tr>\n<td><strong>25 Sept 22<\/strong><\/td>\n<td>Rosheim (les Foul\u00e9es des 4 portes)<\/td>\n<td>10 \u2013 21km<\/td>\n<\/tr>\n<tr>\n<td><strong>9 Oct 22<\/strong><\/td>\n<td>Foul\u00e9e Verte d\u2019Ernolsheim<\/td>\n<td>17km<\/td>\n<\/tr>\n<tr>\n<td><strong>23 Oct 22<\/strong><\/td>\n<td>Ottrott (Courses des Ch\u00e2teaux)<\/td>\n<td>10 \u2013 21km<\/td>\n<\/tr>\n<tr>\n<td><strong>01 Nov 22<\/strong><\/td>\n<td>Eckwersheim (Courses Nature)<\/td>\n<td>10 \u2013 21km<\/td>\n<\/tr>\n<tr>\n<td><strong>11 D\u00e9c 22<\/strong><\/td>\n<td>Illkirch (Corrida de No\u00ebl)<\/td>\n<td>10 \u2013 21km<\/td>\n<\/tr>\n<tr>\n<td><strong>3 Avr 22<\/strong><\/td>\n<td><strong>Ekiden (Hors classement)<\/strong><\/td>\n<td><\/td>\n<\/tr>\n<\/tbody>\n<\/table>\n<p><strong>Les 2 premi\u00e8res courses sont \u00e0 confirmer.<\/strong><\/p>\n<p><strong>\u00a0<\/strong>Remarques\u00a0:<\/p>\n<ul>\n<li>Ce sont essentiellement des 10km, mais possibilit\u00e9 de courir aussi des semi<\/li>\n<li>Il n\u2019est pas n\u00e9cessaire de participer \u00e0 toutes les courses<\/li>\n<li>Pour qu\u2019un course soit prise en compte dans le classement, il suffit qu\u2019un coureur de l\u2019\u00e9quipe participe<\/li>\n<li>Il y a un classement par \u00e9preuve<\/li>\n<li>Le vainqueur du challenge sera l\u2019\u00e9quipe ayant le plus de points \u00e0 la fin de l\u2019ann\u00e9e<\/li>\n<\/ul>\n<p>+ d&rsquo;infos Claire Dechrist\u00e9<\/p>\n","protected":false},"excerpt":{"rendered":"<p>Afin de pimenter l\u2019ann\u00e9e, je vous propose de monter une \u00e9quipe pour le challenge Run&rsquo;Entreprise 2022. Ce challenge a pour but de r\u00e9unir les coureurs \u00e0 pied des entreprises du [&hellip;]<\/p>\n","protected":false},"author":1,"featured_media":29840,"comment_status":"open","ping_status":"closed","sticky":false,"template":"","format":"standard","meta":{"footnotes":""},"categories":[45,29],"tags":[],"class_list":["post-19905","post","type-post","status-publish","format-standard","has-post-thumbnail","hentry","category-athle","category-scabsi"],"publishpress_future_action":{"enabled":false,"date":"2026-05-09 10:23:53","action":"category","newStatus":"draft","terms":[],"taxonomy":"category","extraData":[]},"publishpress_future_workflow_manual_trigger":{"enabledWorkflows":[]},"_links":{"self":[{"href":"https:\/\/www.ce-illkirch.fr\/wordpress\/wp-json\/wp\/v2\/posts\/19905","targetHints":{"allow":["GET"]}}],"collection":[{"href":"https:\/\/www.ce-illkirch.fr\/wordpress\/wp-json\/wp\/v2\/posts"}],"about":[{"href":"https:\/\/www.ce-illkirch.fr\/wordpress\/wp-json\/wp\/v2\/types\/post"}],"author":[{"embeddable":true,"href":"https:\/\/www.ce-illkirch.fr\/wordpress\/wp-json\/wp\/v2\/users\/1"}],"replies":[{"embeddable":true,"href":"https:\/\/www.ce-illkirch.fr\/wordpress\/wp-json\/wp\/v2\/comments?post=19905"}],"version-history":[{"count":3,"href":"https:\/\/www.ce-illkirch.fr\/wordpress\/wp-json\/wp\/v2\/posts\/19905\/revisions"}],"predecessor-version":[{"id":32533,"href":"https:\/\/www.ce-illkirch.fr\/wordpress\/wp-json\/wp\/v2\/posts\/19905\/revisions\/32533"}],"wp:featuredmedia":[{"embeddable":true,"href":"https:\/\/www.ce-illkirch.fr\/wordpress\/wp-json\/wp\/v2\/media\/29840"}],"wp:attachment":[{"href":"https:\/\/www.ce-illkirch.fr\/wordpress\/wp-json\/wp\/v2\/media?parent=19905"}],"wp:term":[{"taxonomy":"category","embeddable":true,"href":"https:\/\/www.ce-illkirch.fr\/wordpress\/wp-json\/wp\/v2\/categories?post=19905"},{"taxonomy":"post_tag","embeddable":true,"href":"https:\/\/www.ce-illkirch.fr\/wordpress\/wp-json\/wp\/v2\/tags?post=19905"}],"curies":[{"name":"wp","href":"https:\/\/api.w.org\/{rel}","templated":true}]}}