{"id":19954,"date":"2017-05-29T10:02:43","date_gmt":"2017-05-29T09:02:43","guid":{"rendered":"http:\/\/www.ce-illkirch.fr\/wordpress\/?p=19954"},"modified":"2017-05-29T10:02:43","modified_gmt":"2017-05-29T09:02:43","slug":"passer-le-permis-de-conduire-avec-le-cpf","status":"publish","type":"post","link":"https:\/\/www.ce-illkirch.fr\/wordpress\/2017\/05\/formation\/passer-le-permis-de-conduire-avec-le-cpf\/","title":{"rendered":"Passer le permis de conduire avec le CPF"},"content":{"rendered":"<p><a href=\"http:\/\/www.ce-illkirch.fr\/wordpress\/wp-content\/uploads\/Permis_conduire.jpg\"><img loading=\"lazy\" decoding=\"async\" class=\"alignleft size-full wp-image-19956\" alt=\"Permis_conduire\" src=\"http:\/\/www.ce-illkirch.fr\/wordpress\/wp-content\/uploads\/Permis_conduire.jpg\" width=\"123\" height=\"170\" \/><\/a>Le Compte Personnel de Formation (CPF) est le dispositif qui remplace le DIF depuis le 1<sup>er<\/sup> janvier 2015. Il appartient d\u00e9sormais au titulaire du compte de g\u00e9rer ses heures acquises pour suivre une formation. L\u2019employeur n\u2019a plus de droit de regard sur les comptes de ses salari\u00e9s. Toutefois, si la formation se d\u00e9roule sur le temps de travail, son accord est n\u00e9cessaire.<\/p>\n<p>Un amendement au projet de loi Egalit\u00e9 et Citoyennet\u00e9 vot\u00e9 le 30 juin 2016 permet d\u2019utiliser ses heures CPF\u00a0pour la pr\u00e9paration des \u00e9preuves du code de la route et de la conduite du permis B.<\/p>\n<p>Depuis le 15 mars 2017,<strong> il est possible de mobiliser ses heures CPF pour financer le Permis B <\/strong>gr\u00e2ce au code CPF 206.<\/p>\n<p>Concernant\u00a0les permis C, CE, EC, il est possible de mobiliser son CPF. En effet, ces permis sont directement r\u00e9f\u00e9renc\u00e9s sur les listes \u00e9ligibles ou int\u00e9gr\u00e9s au cursus d\u2019autres formations (exemple : le CAP gestion des d\u00e9chets et propret\u00e9 urbaine).<\/p>\n<p>Pour obtenir les codes CPF relatifs aux formations qui int\u00e8grent ces permis de conduire dans leurs modules il faut suivre la proc\u00e9dure suivante :<\/p>\n<ol start=\"1\">\n<li>Rendez-vous sur le site d\u00e9di\u00e9 au CPF : <a href=\"http:\/\/www.moncompteformation.gouv.fr\/\"><em>www.moncompteformation.gouv.fr<\/em><\/a><em>.<\/em>;<\/li>\n<li>Puis, depuis votre espace personnel &gt;&gt; <em>rechercher une formation<\/em> (menu gauche) ou depuis la page d\u2019accueil &gt;&gt; <em>Je cherche une formation<\/em>\u00a0(encadr\u00e9 violet)\u00a0en haut \u00e0 droite.<\/li>\n<\/ol>\n","protected":false},"excerpt":{"rendered":"<p>Le Compte Personnel de Formation (CPF) est le dispositif qui remplace le DIF depuis le 1er janvier 2015. Il appartient d\u00e9sormais au titulaire du compte de g\u00e9rer ses heures acquises [&hellip;]<\/p>\n","protected":false},"author":1,"featured_media":0,"comment_status":"open","ping_status":"closed","sticky":false,"template":"","format":"standard","meta":{"footnotes":""},"categories":[12],"tags":[],"class_list":["post-19954","post","type-post","status-publish","format-standard","hentry","category-formation"],"publishpress_future_action":{"enabled":false,"date":"2026-05-07 08:36:23","action":"category","newStatus":"draft","terms":[],"taxonomy":"category","extraData":[]},"publishpress_future_workflow_manual_trigger":{"enabledWorkflows":[]},"_links":{"self":[{"href":"https:\/\/www.ce-illkirch.fr\/wordpress\/wp-json\/wp\/v2\/posts\/19954","targetHints":{"allow":["GET"]}}],"collection":[{"href":"https:\/\/www.ce-illkirch.fr\/wordpress\/wp-json\/wp\/v2\/posts"}],"about":[{"href":"https:\/\/www.ce-illkirch.fr\/wordpress\/wp-json\/wp\/v2\/types\/post"}],"author":[{"embeddable":true,"href":"https:\/\/www.ce-illkirch.fr\/wordpress\/wp-json\/wp\/v2\/users\/1"}],"replies":[{"embeddable":true,"href":"https:\/\/www.ce-illkirch.fr\/wordpress\/wp-json\/wp\/v2\/comments?post=19954"}],"version-history":[{"count":0,"href":"https:\/\/www.ce-illkirch.fr\/wordpress\/wp-json\/wp\/v2\/posts\/19954\/revisions"}],"wp:attachment":[{"href":"https:\/\/www.ce-illkirch.fr\/wordpress\/wp-json\/wp\/v2\/media?parent=19954"}],"wp:term":[{"taxonomy":"category","embeddable":true,"href":"https:\/\/www.ce-illkirch.fr\/wordpress\/wp-json\/wp\/v2\/categories?post=19954"},{"taxonomy":"post_tag","embeddable":true,"href":"https:\/\/www.ce-illkirch.fr\/wordpress\/wp-json\/wp\/v2\/tags?post=19954"}],"curies":[{"name":"wp","href":"https:\/\/api.w.org\/{rel}","templated":true}]}}