{"id":20050,"date":"2017-06-19T13:34:27","date_gmt":"2017-06-19T12:34:27","guid":{"rendered":"http:\/\/www.ce-illkirch.fr\/wordpress\/?p=20050"},"modified":"2023-02-13T18:36:54","modified_gmt":"2023-02-13T17:36:54","slug":"20050","status":"publish","type":"post","link":"https:\/\/www.ce-illkirch.fr\/wordpress\/2017\/06\/scabsi\/20050\/","title":{"rendered":"Golf Cup 2017"},"content":{"rendered":"<p><tt><a href=\"http:\/\/www.ce-illkirch.fr\/wordpress\/wp-content\/uploads\/2016-Golf-Cup.png\"><img loading=\"lazy\" decoding=\"async\" class=\"alignleft size-full wp-image-20051\" src=\"http:\/\/www.ce-illkirch.fr\/wordpress\/wp-content\/uploads\/2016-Golf-Cup.png\" alt=\"2016-Golf-Cup\" width=\"469\" height=\"261\" \/><\/a>En cette p\u00e9riode de beau temps, le Golf est LE sport tentant. Apr\u00e8s la sortie initiation de jeudi <\/tt><tt>prochain, la section ASALI-Golf organise le mardi 27 juin sa classique coupe interne <\/tt><tt>au golf du Fort<\/tt>. L&rsquo;ann\u00e9e derni\u00e8re cette coupe n&rsquo;avait pas eu lieu faute de participants et donc le dernier vainqueur (en 2015) est toujours S\u00e9bastien Ehrhard.\u00a0 Apr\u00e8s un \u00e9chauffement sur le \u00ab\u00a0practice\u00a0\u00bb, la coupe se d\u00e9roulera sur le parcours 9 trous. Avec 3 d\u00e9parts de 4 personnes, on ne pourra accepter que 12 personnes au maximum. Une participation de 10\u20ac sera demand\u00e9e, le reste \u00e9tant pris en charge par la section.<\/p>\n<p>La coupe se d\u00e9roulant sur le parcours, la Carte Verte (Green Card) est requise (Handicap 53,5 min).<\/p>\n<p>Le premier d\u00e9part se fera \u00e0 18h10 (puis toutes les 10min pour les suivants). Afin de bien s&rsquo;\u00e9chauffer, le RDV au golf est pr\u00e9vu pour 17h30 maximum.<\/p>\n<p>La prochaine sortie golf devrait se d\u00e9rouler en septembre au Golf de Sarrebourg. Pour vous motiver, regardez la photo de groupe prise lors d&rsquo;une de ces sorties ASALI-Golf.<\/p>\n<p>Suivez les news du CE pour ne pas rater cet \u00e9v\u00e8nement.<\/p>\n<p>Ronan Le Boudec<\/p>\n","protected":false},"excerpt":{"rendered":"<p>En cette p\u00e9riode de beau temps, le Golf est LE sport tentant. Apr\u00e8s la sortie initiation de jeudi prochain, la section ASALI-Golf organise le mardi 27 juin sa classique coupe [&hellip;]<\/p>\n","protected":false},"author":1,"featured_media":0,"comment_status":"open","ping_status":"closed","sticky":false,"template":"","format":"standard","meta":{"footnotes":""},"categories":[29],"tags":[],"class_list":["post-20050","post","type-post","status-publish","format-standard","hentry","category-scabsi"],"publishpress_future_action":{"enabled":false,"date":"2026-05-10 18:39:39","action":"category","newStatus":"draft","terms":[],"taxonomy":"category","extraData":[]},"publishpress_future_workflow_manual_trigger":{"enabledWorkflows":[]},"_links":{"self":[{"href":"https:\/\/www.ce-illkirch.fr\/wordpress\/wp-json\/wp\/v2\/posts\/20050","targetHints":{"allow":["GET"]}}],"collection":[{"href":"https:\/\/www.ce-illkirch.fr\/wordpress\/wp-json\/wp\/v2\/posts"}],"about":[{"href":"https:\/\/www.ce-illkirch.fr\/wordpress\/wp-json\/wp\/v2\/types\/post"}],"author":[{"embeddable":true,"href":"https:\/\/www.ce-illkirch.fr\/wordpress\/wp-json\/wp\/v2\/users\/1"}],"replies":[{"embeddable":true,"href":"https:\/\/www.ce-illkirch.fr\/wordpress\/wp-json\/wp\/v2\/comments?post=20050"}],"version-history":[{"count":1,"href":"https:\/\/www.ce-illkirch.fr\/wordpress\/wp-json\/wp\/v2\/posts\/20050\/revisions"}],"predecessor-version":[{"id":32534,"href":"https:\/\/www.ce-illkirch.fr\/wordpress\/wp-json\/wp\/v2\/posts\/20050\/revisions\/32534"}],"wp:attachment":[{"href":"https:\/\/www.ce-illkirch.fr\/wordpress\/wp-json\/wp\/v2\/media?parent=20050"}],"wp:term":[{"taxonomy":"category","embeddable":true,"href":"https:\/\/www.ce-illkirch.fr\/wordpress\/wp-json\/wp\/v2\/categories?post=20050"},{"taxonomy":"post_tag","embeddable":true,"href":"https:\/\/www.ce-illkirch.fr\/wordpress\/wp-json\/wp\/v2\/tags?post=20050"}],"curies":[{"name":"wp","href":"https:\/\/api.w.org\/{rel}","templated":true}]}}