{"id":20107,"date":"2020-09-04T15:48:00","date_gmt":"2020-09-04T13:48:00","guid":{"rendered":"http:\/\/www.ce-illkirch.fr\/wordpress\/?p=20107"},"modified":"2020-09-04T17:05:57","modified_gmt":"2020-09-04T15:05:57","slug":"ucpa","status":"publish","type":"post","link":"https:\/\/www.ce-illkirch.fr\/wordpress\/2020\/09\/53\/ucpa\/","title":{"rendered":"Offre UCPA hiver 20\/21"},"content":{"rendered":"<p>En r\u00e9servant\u00a0<strong>avant le 7 octobre<\/strong>, vous b\u00e9n\u00e9ficiez d&rsquo;une<strong>\u00a0r\u00e9duction de 12%<\/strong>\u00a0sur nos s\u00e9jours vacances :<\/p>\n<p>&#8211;\u00a0Adultes en France<\/p>\n<p>&#8211;\u00a0Enfants et Ados\u00a0pour des\u00a0colos de 6 \u00e0 17 ans en France et \u00e0 l&rsquo;\u00e9tranger<\/p>\n<p><a href=\"https:\/\/www.ce-illkirch.fr\/wordpress\/wp-content\/uploads\/Al-Enterprise_2020_B2B_H21_Flyer-A5_Neige_APF2.pdf\">Affiche<\/a><\/p>\n<p><a href=\"https:\/\/www.ucpa.com\"><strong>UCPA <\/strong><\/a>Tel : 0 825 880 800 \u2013\u00a0 code LEI8<\/p>\n","protected":false},"excerpt":{"rendered":"<p>En r\u00e9servant\u00a0avant le 7 octobre, vous b\u00e9n\u00e9ficiez d&rsquo;une\u00a0r\u00e9duction de 12%\u00a0sur nos s\u00e9jours vacances : &#8211;\u00a0Adultes en France &#8211;\u00a0Enfants et Ados\u00a0pour des\u00a0colos de 6 \u00e0 17 ans en France et \u00e0 [&hellip;]<\/p>\n","protected":false},"author":1,"featured_media":25735,"comment_status":"open","ping_status":"closed","sticky":false,"template":"","format":"standard","meta":{"footnotes":""},"categories":[4,47,8,21,38],"tags":[],"class_list":["post-20107","post","type-post","status-publish","format-standard","has-post-thumbnail","hentry","category-4","category-catalogues","category-colonies-de-vacances-53","category-offres-commerciales","category-tourisme"],"publishpress_future_action":{"enabled":false,"date":"2026-05-07 00:34:06","action":"category","newStatus":"draft","terms":[],"taxonomy":"category","extraData":[]},"publishpress_future_workflow_manual_trigger":{"enabledWorkflows":[]},"_links":{"self":[{"href":"https:\/\/www.ce-illkirch.fr\/wordpress\/wp-json\/wp\/v2\/posts\/20107","targetHints":{"allow":["GET"]}}],"collection":[{"href":"https:\/\/www.ce-illkirch.fr\/wordpress\/wp-json\/wp\/v2\/posts"}],"about":[{"href":"https:\/\/www.ce-illkirch.fr\/wordpress\/wp-json\/wp\/v2\/types\/post"}],"author":[{"embeddable":true,"href":"https:\/\/www.ce-illkirch.fr\/wordpress\/wp-json\/wp\/v2\/users\/1"}],"replies":[{"embeddable":true,"href":"https:\/\/www.ce-illkirch.fr\/wordpress\/wp-json\/wp\/v2\/comments?post=20107"}],"version-history":[{"count":4,"href":"https:\/\/www.ce-illkirch.fr\/wordpress\/wp-json\/wp\/v2\/posts\/20107\/revisions"}],"predecessor-version":[{"id":27498,"href":"https:\/\/www.ce-illkirch.fr\/wordpress\/wp-json\/wp\/v2\/posts\/20107\/revisions\/27498"}],"wp:featuredmedia":[{"embeddable":true,"href":"https:\/\/www.ce-illkirch.fr\/wordpress\/wp-json\/wp\/v2\/media\/25735"}],"wp:attachment":[{"href":"https:\/\/www.ce-illkirch.fr\/wordpress\/wp-json\/wp\/v2\/media?parent=20107"}],"wp:term":[{"taxonomy":"category","embeddable":true,"href":"https:\/\/www.ce-illkirch.fr\/wordpress\/wp-json\/wp\/v2\/categories?post=20107"},{"taxonomy":"post_tag","embeddable":true,"href":"https:\/\/www.ce-illkirch.fr\/wordpress\/wp-json\/wp\/v2\/tags?post=20107"}],"curies":[{"name":"wp","href":"https:\/\/api.w.org\/{rel}","templated":true}]}}