{"id":20231,"date":"2017-07-24T16:20:16","date_gmt":"2017-07-24T15:20:16","guid":{"rendered":"http:\/\/www.ce-illkirch.fr\/wordpress\/?p=20231"},"modified":"2026-04-14T10:34:06","modified_gmt":"2026-04-14T08:34:06","slug":"atelier-couture-1609","status":"publish","type":"post","link":"https:\/\/www.ce-illkirch.fr\/wordpress\/2017\/07\/loisirs\/atelier-couture-1609\/","title":{"rendered":"COMPLET Atelier couture 16\/09"},"content":{"rendered":"<p><a href=\"http:\/\/www.ce-illkirch.fr\/wordpress\/wp-content\/uploads\/sacIMG_20170725_152156.jpg\"><img loading=\"lazy\" decoding=\"async\" class=\"alignleft size-thumbnail wp-image-20240\" alt=\"sacIMG_20170725_152156\" src=\"http:\/\/www.ce-illkirch.fr\/wordpress\/wp-content\/uploads\/sacIMG_20170725_152156-150x150.jpg\" width=\"174\" height=\"174\" \/><\/a><\/p>\n<p>Complet si vous \u00eates int\u00e9ress\u00e9 dites le au CE, un 2eme cours peut \u00eatre organis\u00e9. samedi 16\/09 de 13h \u00e0 19h \u00e0 Strasbourg<\/p>\n<p>Confection d&rsquo;un sac.<\/p>\n<p><a href=\"http:\/\/www.ce-illkirch.fr\/wordpress\/wp-content\/uploads\/couture.pdf\" target=\"_blank\">D\u00e9tails<\/a><\/p>\n<p>&nbsp;<\/p>\n","protected":false},"excerpt":{"rendered":"<p>Complet si vous \u00eates int\u00e9ress\u00e9 dites le au CE, un 2eme cours peut \u00eatre organis\u00e9. samedi 16\/09 de 13h \u00e0 19h \u00e0 Strasbourg Confection d&rsquo;un sac. D\u00e9tails &nbsp;<\/p>\n","protected":false},"author":1,"featured_media":0,"comment_status":"open","ping_status":"closed","sticky":false,"template":"","format":"standard","meta":{"footnotes":""},"categories":[16,18],"tags":[],"class_list":["post-20231","post","type-post","status-publish","format-standard","hentry","category-loisirs","category-loisirs-sorties"],"publishpress_future_action":{"enabled":false,"date":"2026-05-10 15:58:12","action":"category","newStatus":"draft","terms":[],"taxonomy":"category","extraData":[]},"publishpress_future_workflow_manual_trigger":{"enabledWorkflows":[]},"_links":{"self":[{"href":"https:\/\/www.ce-illkirch.fr\/wordpress\/wp-json\/wp\/v2\/posts\/20231","targetHints":{"allow":["GET"]}}],"collection":[{"href":"https:\/\/www.ce-illkirch.fr\/wordpress\/wp-json\/wp\/v2\/posts"}],"about":[{"href":"https:\/\/www.ce-illkirch.fr\/wordpress\/wp-json\/wp\/v2\/types\/post"}],"author":[{"embeddable":true,"href":"https:\/\/www.ce-illkirch.fr\/wordpress\/wp-json\/wp\/v2\/users\/1"}],"replies":[{"embeddable":true,"href":"https:\/\/www.ce-illkirch.fr\/wordpress\/wp-json\/wp\/v2\/comments?post=20231"}],"version-history":[{"count":4,"href":"https:\/\/www.ce-illkirch.fr\/wordpress\/wp-json\/wp\/v2\/posts\/20231\/revisions"}],"predecessor-version":[{"id":39184,"href":"https:\/\/www.ce-illkirch.fr\/wordpress\/wp-json\/wp\/v2\/posts\/20231\/revisions\/39184"}],"wp:attachment":[{"href":"https:\/\/www.ce-illkirch.fr\/wordpress\/wp-json\/wp\/v2\/media?parent=20231"}],"wp:term":[{"taxonomy":"category","embeddable":true,"href":"https:\/\/www.ce-illkirch.fr\/wordpress\/wp-json\/wp\/v2\/categories?post=20231"},{"taxonomy":"post_tag","embeddable":true,"href":"https:\/\/www.ce-illkirch.fr\/wordpress\/wp-json\/wp\/v2\/tags?post=20231"}],"curies":[{"name":"wp","href":"https:\/\/api.w.org\/{rel}","templated":true}]}}