{"id":20396,"date":"2021-10-07T08:21:20","date_gmt":"2021-10-07T06:21:20","guid":{"rendered":"http:\/\/www.ce-illkirch.fr\/wordpress\/?p=20396"},"modified":"2021-11-09T08:18:23","modified_gmt":"2021-11-09T07:18:23","slug":"la-saison-chorale-recommence-en-septembre","status":"publish","type":"post","link":"https:\/\/www.ce-illkirch.fr\/wordpress\/2021\/10\/loisirs\/la-saison-chorale-recommence-en-septembre\/","title":{"rendered":"La chorale reprend !"},"content":{"rendered":"<p>La chorale r\u00e9p\u00e8te, toujours sous la direction de Susan Griffiths, les <strong>lundis<\/strong> de 12h15 \u00e0 13h15 (chant \u00e0 4 voix), en salle Hertz au plot B-1 (\u00e0 c\u00f4t\u00e9 du Kr\u00e9ativ Lab).<\/p>\n<p>Cotisation annuelle 50 \u20ac (100 \u20ac ext\u00e9rieur), au prorata des mois restants si inscription en cours d&rsquo;ann\u00e9e. Inscription \u00e0 la billetterie. Possibilit\u00e9 de venir essayer sans engagement \u00e0 tout moment dans l&rsquo;ann\u00e9e.<\/p>\n<p>Conform\u00e9ment aux obligations l\u00e9gales, contr\u00f4le du pass sanitaire et registre de pr\u00e9sence.<\/p>\n<p>Contact A. Barroux<\/p>\n","protected":false},"excerpt":{"rendered":"<p>La chorale r\u00e9p\u00e8te, toujours sous la direction de Susan Griffiths, les lundis de 12h15 \u00e0 13h15 (chant \u00e0 4 voix), en salle Hertz au plot B-1 (\u00e0 c\u00f4t\u00e9 du Kr\u00e9ativ [&hellip;]<\/p>\n","protected":false},"author":1,"featured_media":25732,"comment_status":"open","ping_status":"closed","sticky":false,"template":"","format":"standard","meta":{"footnotes":""},"categories":[51,16],"tags":[],"class_list":["post-20396","post","type-post","status-publish","format-standard","has-post-thumbnail","hentry","category-groupe-vocal","category-loisirs"],"publishpress_future_action":{"enabled":false,"date":"2026-05-07 13:07:36","action":"category","newStatus":"draft","terms":[],"taxonomy":"category","extraData":[]},"publishpress_future_workflow_manual_trigger":{"enabledWorkflows":[]},"_links":{"self":[{"href":"https:\/\/www.ce-illkirch.fr\/wordpress\/wp-json\/wp\/v2\/posts\/20396","targetHints":{"allow":["GET"]}}],"collection":[{"href":"https:\/\/www.ce-illkirch.fr\/wordpress\/wp-json\/wp\/v2\/posts"}],"about":[{"href":"https:\/\/www.ce-illkirch.fr\/wordpress\/wp-json\/wp\/v2\/types\/post"}],"author":[{"embeddable":true,"href":"https:\/\/www.ce-illkirch.fr\/wordpress\/wp-json\/wp\/v2\/users\/1"}],"replies":[{"embeddable":true,"href":"https:\/\/www.ce-illkirch.fr\/wordpress\/wp-json\/wp\/v2\/comments?post=20396"}],"version-history":[{"count":6,"href":"https:\/\/www.ce-illkirch.fr\/wordpress\/wp-json\/wp\/v2\/posts\/20396\/revisions"}],"predecessor-version":[{"id":29421,"href":"https:\/\/www.ce-illkirch.fr\/wordpress\/wp-json\/wp\/v2\/posts\/20396\/revisions\/29421"}],"wp:featuredmedia":[{"embeddable":true,"href":"https:\/\/www.ce-illkirch.fr\/wordpress\/wp-json\/wp\/v2\/media\/25732"}],"wp:attachment":[{"href":"https:\/\/www.ce-illkirch.fr\/wordpress\/wp-json\/wp\/v2\/media?parent=20396"}],"wp:term":[{"taxonomy":"category","embeddable":true,"href":"https:\/\/www.ce-illkirch.fr\/wordpress\/wp-json\/wp\/v2\/categories?post=20396"},{"taxonomy":"post_tag","embeddable":true,"href":"https:\/\/www.ce-illkirch.fr\/wordpress\/wp-json\/wp\/v2\/tags?post=20396"}],"curies":[{"name":"wp","href":"https:\/\/api.w.org\/{rel}","templated":true}]}}