{"id":20836,"date":"2017-10-23T08:50:36","date_gmt":"2017-10-23T07:50:36","guid":{"rendered":"https:\/\/www.ce-illkirch.fr\/wordpress\/?p=20836"},"modified":"2017-10-23T08:50:36","modified_gmt":"2017-10-23T07:50:36","slug":"marche-nordique-jeudi-2610","status":"publish","type":"post","link":"https:\/\/www.ce-illkirch.fr\/wordpress\/2017\/10\/scabsi\/marche-nordique-jeudi-2610\/","title":{"rendered":"Marche nordique jeudi 26\/10"},"content":{"rendered":"<p>Pour ceux que le lundi n&rsquo;arrange pas, et\/ou qui pr\u00e9f\u00e8rent un rythme un peu moins soutenu et une boucle plus courte au d\u00e9part d&rsquo;Alcatel, je propose de nous retrouver ce jeudi 26\/10 aux vestiaires sportifs <strong>\u00e0 12h, pr\u00eats \u00e0 partir, <\/strong>pour 3\/4h \u00e0 1 heure de marche.<\/p>\n<p>Possibilit\u00e9 d&#8217;emprunter des batons de marche chez Sylvie W.<\/p>\n<p>Agn\u00e8s B.<\/p>\n","protected":false},"excerpt":{"rendered":"<p>Pour ceux que le lundi n&rsquo;arrange pas, et\/ou qui pr\u00e9f\u00e8rent un rythme un peu moins soutenu et une boucle plus courte au d\u00e9part d&rsquo;Alcatel, je propose de nous retrouver ce [&hellip;]<\/p>\n","protected":false},"author":7,"featured_media":0,"comment_status":"open","ping_status":"closed","sticky":false,"template":"","format":"standard","meta":{"footnotes":""},"categories":[29],"tags":[],"class_list":["post-20836","post","type-post","status-publish","format-standard","hentry","category-scabsi"],"publishpress_future_action":{"enabled":false,"date":"2026-05-08 16:54:32","action":"category","newStatus":"draft","terms":[],"taxonomy":"category","extraData":[]},"publishpress_future_workflow_manual_trigger":{"enabledWorkflows":[]},"_links":{"self":[{"href":"https:\/\/www.ce-illkirch.fr\/wordpress\/wp-json\/wp\/v2\/posts\/20836","targetHints":{"allow":["GET"]}}],"collection":[{"href":"https:\/\/www.ce-illkirch.fr\/wordpress\/wp-json\/wp\/v2\/posts"}],"about":[{"href":"https:\/\/www.ce-illkirch.fr\/wordpress\/wp-json\/wp\/v2\/types\/post"}],"author":[{"embeddable":true,"href":"https:\/\/www.ce-illkirch.fr\/wordpress\/wp-json\/wp\/v2\/users\/7"}],"replies":[{"embeddable":true,"href":"https:\/\/www.ce-illkirch.fr\/wordpress\/wp-json\/wp\/v2\/comments?post=20836"}],"version-history":[{"count":0,"href":"https:\/\/www.ce-illkirch.fr\/wordpress\/wp-json\/wp\/v2\/posts\/20836\/revisions"}],"wp:attachment":[{"href":"https:\/\/www.ce-illkirch.fr\/wordpress\/wp-json\/wp\/v2\/media?parent=20836"}],"wp:term":[{"taxonomy":"category","embeddable":true,"href":"https:\/\/www.ce-illkirch.fr\/wordpress\/wp-json\/wp\/v2\/categories?post=20836"},{"taxonomy":"post_tag","embeddable":true,"href":"https:\/\/www.ce-illkirch.fr\/wordpress\/wp-json\/wp\/v2\/tags?post=20836"}],"curies":[{"name":"wp","href":"https:\/\/api.w.org\/{rel}","templated":true}]}}