{"id":20844,"date":"2017-10-26T13:11:17","date_gmt":"2017-10-26T12:11:17","guid":{"rendered":"https:\/\/www.ce-illkirch.fr\/wordpress\/?p=20844"},"modified":"2025-06-19T14:58:15","modified_gmt":"2025-06-19T12:58:15","slug":"20844","status":"publish","type":"post","link":"https:\/\/www.ce-illkirch.fr\/wordpress\/2017\/10\/ecologie\/20844\/","title":{"rendered":"Barom\u00e8tre des villes cyclables"},"content":{"rendered":"<p><img loading=\"lazy\" decoding=\"async\" alt=\"\" src=\"https:\/\/images.typeform.com\/images\/ZkBT75YggWpU\/image\/default#.png\" width=\"417\" height=\"176\" data-original=\"https:\/\/images.typeform.com\/images\/ZkBT75YggWpU\/image\/default#.png\" \/><\/p>\n<p><span style=\"color: #008000;\"><strong>VOTRE VILLE EST-ELLE CYCLABLE ?<br \/>\n<\/strong><\/span><\/p>\n<p>La premi\u00e8re \u00e9dition de l&rsquo;enqu\u00eate nationale \u00ab Barom\u00e8tre des villes cyclables \u00bb a \u00e9t\u00e9 lanc\u00e9e d\u00e9but septembre et plus de 40 000 r\u00e9ponses ont d\u00e9j\u00e0 \u00e9t\u00e9 collect\u00e9es. L&rsquo;enqu\u00eate a pour objectif d&rsquo;\u00e9valuer la cyclabilit\u00e9 des villes fran\u00e7aises \u00e0 partir du ressenti des cyclistes. Les r\u00e9sultats d\u00e9termineront si les villes sont favorables \u00e0 la pratique du v\u00e9lo et permettront aux collectivit\u00e9s de mieux cerner les attentes des citoyens qui souhaitent se d\u00e9placer \u00e0 v\u00e9lo. Votre r\u00e9ponse est donc essentielle pour am\u00e9liorer les conditions d&rsquo;usage du v\u00e9lo en ville !<\/p>\n<p>L&rsquo;enqu\u00eate est en ligne sur <a title=\"www.parlons-velo.fr\" href=\"http:\/\/www.parlons-velo.fr\">www.parlons-velo.fr<\/a> jusqu&rsquo;au 30 novembre 2017 et s&rsquo;adresse \u00e0 toutes les personnes se d\u00e9pla\u00e7ant \u00e0 v\u00e9lo en ville, peu importent l&rsquo;\u00e2ge, le genre ou la fr\u00e9quence des d\u00e9placements.<\/p>\n<p><strong><span style=\"color: #008000;\">Ensemble, rendons les d\u00e9placements \u00e0 v\u00e9lo plus s\u00fbrs et plus agr\u00e9ables !<\/span><\/strong><\/p>\n<p>Un film documentaire su\u00e9dois en ligne sorti en 2015 et prim\u00e9 dans diff\u00e9rents festivals, est en ligne <strong>jusqu\u2019au 29\/10<\/strong> sur le sujet v\u00e9lo : voir le film<\/p>\n<p><em>\u00ab\u00a0Le changement climatique et le stress journalier d\u2019\u00eatre enferm\u00e9 dans sa voiture frustrent les gens plus que jamais.<\/em><br \/>\n<em>Les gens de diff\u00e9rentes villes du monde s\u2019arment d\u2019un v\u00e9lo comme moyen pour changer.<\/em><br \/>\n<em>Pourtant, la vente de voitures explose: un milliard de voitures aujourd\u2019hui; deux milliards en 2020&#8230;\u00a0\u00bb<\/em><\/p>\n","protected":false},"excerpt":{"rendered":"<p>VOTRE VILLE EST-ELLE CYCLABLE ? La premi\u00e8re \u00e9dition de l&rsquo;enqu\u00eate nationale \u00ab Barom\u00e8tre des villes cyclables \u00bb a \u00e9t\u00e9 lanc\u00e9e d\u00e9but septembre et plus de 40 000 r\u00e9ponses ont d\u00e9j\u00e0 [&hellip;]<\/p>\n","protected":false},"author":4,"featured_media":0,"comment_status":"open","ping_status":"closed","sticky":false,"template":"","format":"standard","meta":{"footnotes":""},"categories":[10,39],"tags":[],"class_list":["post-20844","post","type-post","status-publish","format-standard","hentry","category-ecologie","category-transport"],"publishpress_future_action":{"enabled":false,"date":"2026-05-07 17:04:53","action":"category","newStatus":"draft","terms":[],"taxonomy":"category","extraData":[]},"publishpress_future_workflow_manual_trigger":{"enabledWorkflows":[]},"_links":{"self":[{"href":"https:\/\/www.ce-illkirch.fr\/wordpress\/wp-json\/wp\/v2\/posts\/20844","targetHints":{"allow":["GET"]}}],"collection":[{"href":"https:\/\/www.ce-illkirch.fr\/wordpress\/wp-json\/wp\/v2\/posts"}],"about":[{"href":"https:\/\/www.ce-illkirch.fr\/wordpress\/wp-json\/wp\/v2\/types\/post"}],"author":[{"embeddable":true,"href":"https:\/\/www.ce-illkirch.fr\/wordpress\/wp-json\/wp\/v2\/users\/4"}],"replies":[{"embeddable":true,"href":"https:\/\/www.ce-illkirch.fr\/wordpress\/wp-json\/wp\/v2\/comments?post=20844"}],"version-history":[{"count":1,"href":"https:\/\/www.ce-illkirch.fr\/wordpress\/wp-json\/wp\/v2\/posts\/20844\/revisions"}],"predecessor-version":[{"id":37682,"href":"https:\/\/www.ce-illkirch.fr\/wordpress\/wp-json\/wp\/v2\/posts\/20844\/revisions\/37682"}],"wp:attachment":[{"href":"https:\/\/www.ce-illkirch.fr\/wordpress\/wp-json\/wp\/v2\/media?parent=20844"}],"wp:term":[{"taxonomy":"category","embeddable":true,"href":"https:\/\/www.ce-illkirch.fr\/wordpress\/wp-json\/wp\/v2\/categories?post=20844"},{"taxonomy":"post_tag","embeddable":true,"href":"https:\/\/www.ce-illkirch.fr\/wordpress\/wp-json\/wp\/v2\/tags?post=20844"}],"curies":[{"name":"wp","href":"https:\/\/api.w.org\/{rel}","templated":true}]}}