{"id":21005,"date":"2017-11-13T13:38:19","date_gmt":"2017-11-13T12:38:19","guid":{"rendered":"https:\/\/www.ce-illkirch.fr\/wordpress\/?p=21005"},"modified":"2017-11-13T13:38:19","modified_gmt":"2017-11-13T12:38:19","slug":"breves-du-service-social-3","status":"publish","type":"post","link":"https:\/\/www.ce-illkirch.fr\/wordpress\/2017\/11\/logement\/breves-du-service-social-3\/","title":{"rendered":"Br\u00e8ves du Service Social"},"content":{"rendered":"<p><a href=\"https:\/\/www.ce-illkirch.fr\/wordpress\/wp-content\/uploads\/ServiceSocialConseilEnEntreprises.png\"><img loading=\"lazy\" decoding=\"async\" class=\"alignleft size-full wp-image-17959\" alt=\"ServiceSocialConseilEnEntreprises\" src=\"https:\/\/www.ce-illkirch.fr\/wordpress\/wp-content\/uploads\/ServiceSocialConseilEnEntreprises.png\" width=\"168\" height=\"88\" \/><\/a>La semaine europ\u00e9enne pour l&#8217;emploi des personnes handicap\u00e9es se d\u00e9roule cette ann\u00e9e du 13 au 19 novembre, l\u2019occasion de nous pencher entre autres sur quelques changements en mati\u00e8re de l\u00e9gislation introduits par la loi \u00ab travail \u00bb<\/p>\n<p><span style=\"text-decoration: underline;\">Sommaire des\u00a0<strong><a href=\"https:\/\/www.ce-illkirch.fr\/wordpress\/wp-content\/uploads\/Br\u00e8ves-Sociales-Nov-2017-Alcatel.pdf\">Br\u00e8ves Sociales nov 2017 Alcatel<\/a> <\/strong>: <\/span><br \/>\n&#8211; Le cong\u00e9 \u00ab proche aidant \u00bb<br \/>\n&#8211; Cong\u00e9s suppl\u00e9mentaires- enfant handicap\u00e9<br \/>\n&#8211; Don de cong\u00e9s et RTT<br \/>\n&#8211; Retraites simplification pour les poly pensionn\u00e9s<br \/>\n&#8211; De nouvelles aides pour les \u00e9tudiants et lyc\u00e9ens<br \/>\n&#8211; CPF et permis de conduire<br \/>\n&#8211; Le divorce par consentement mutuel<br \/>\n&#8211; Le Pacs<br \/>\n&#8211; Recouvrement de pension alimentaire<\/p>\n<p>Bonne lecture !<\/p>\n<p><span style=\"text-decoration: underline;\">Contact :<\/span><br \/>\nFadila Faulhaber, Assistante Sociale : fadila.faulhaber @ ssce.eu<br \/>\nPermanences chez Alcatel : le lundi de 9 h \u00e0 12h30<\/p>\n","protected":false},"excerpt":{"rendered":"<p>La semaine europ\u00e9enne pour l&#8217;emploi des personnes handicap\u00e9es se d\u00e9roule cette ann\u00e9e du 13 au 19 novembre, l\u2019occasion de nous pencher entre autres sur quelques changements en mati\u00e8re de l\u00e9gislation [&hellip;]<\/p>\n","protected":false},"author":7,"featured_media":0,"comment_status":"open","ping_status":"closed","sticky":false,"template":"","format":"standard","meta":{"footnotes":""},"categories":[15],"tags":[],"class_list":["post-21005","post","type-post","status-publish","format-standard","hentry","category-logement"],"publishpress_future_action":{"enabled":false,"date":"2026-05-07 04:38:42","action":"category","newStatus":"draft","terms":[],"taxonomy":"category","extraData":[]},"publishpress_future_workflow_manual_trigger":{"enabledWorkflows":[]},"_links":{"self":[{"href":"https:\/\/www.ce-illkirch.fr\/wordpress\/wp-json\/wp\/v2\/posts\/21005","targetHints":{"allow":["GET"]}}],"collection":[{"href":"https:\/\/www.ce-illkirch.fr\/wordpress\/wp-json\/wp\/v2\/posts"}],"about":[{"href":"https:\/\/www.ce-illkirch.fr\/wordpress\/wp-json\/wp\/v2\/types\/post"}],"author":[{"embeddable":true,"href":"https:\/\/www.ce-illkirch.fr\/wordpress\/wp-json\/wp\/v2\/users\/7"}],"replies":[{"embeddable":true,"href":"https:\/\/www.ce-illkirch.fr\/wordpress\/wp-json\/wp\/v2\/comments?post=21005"}],"version-history":[{"count":0,"href":"https:\/\/www.ce-illkirch.fr\/wordpress\/wp-json\/wp\/v2\/posts\/21005\/revisions"}],"wp:attachment":[{"href":"https:\/\/www.ce-illkirch.fr\/wordpress\/wp-json\/wp\/v2\/media?parent=21005"}],"wp:term":[{"taxonomy":"category","embeddable":true,"href":"https:\/\/www.ce-illkirch.fr\/wordpress\/wp-json\/wp\/v2\/categories?post=21005"},{"taxonomy":"post_tag","embeddable":true,"href":"https:\/\/www.ce-illkirch.fr\/wordpress\/wp-json\/wp\/v2\/tags?post=21005"}],"curies":[{"name":"wp","href":"https:\/\/api.w.org\/{rel}","templated":true}]}}