{"id":21023,"date":"2017-11-14T13:17:19","date_gmt":"2017-11-14T12:17:19","guid":{"rendered":"https:\/\/www.ce-illkirch.fr\/wordpress\/?p=21023"},"modified":"2017-11-14T13:17:19","modified_gmt":"2017-11-14T12:17:19","slug":"jrtt-formation-alternatives-economiques-le-23112017","status":"publish","type":"post","link":"https:\/\/www.ce-illkirch.fr\/wordpress\/2017\/11\/formation\/jrtt-formation-alternatives-economiques-le-23112017\/","title":{"rendered":"JRTT Formation Alternatives Economiques le 23\/11\/2017"},"content":{"rendered":"<p>&nbsp;<\/p>\n<p><a href=\"https:\/\/www.ce-illkirch.fr\/wordpress\/wp-content\/uploads\/AEformation_2010_rvb90px.jpg\"><img loading=\"lazy\" decoding=\"async\" class=\"alignleft size-full wp-image-14606\" alt=\"AEformation_2010_rvb90px\" src=\"https:\/\/www.ce-illkirch.fr\/wordpress\/wp-content\/uploads\/AEformation_2010_rvb90px.jpg\" width=\"151\" height=\"93\" \/><\/a>Prochaine journ\u00e9e de formation RTT : L<b>a nouvelle g\u00e9opolitique du monde et le poids de la France<\/b>, conf\u00e9rence propos\u00e9e par M. Yann MENS, le <strong>jeudi<\/strong> <b>23 novembre<\/b> de 9h \u00e0 17h en amphi. Il reste des places.<\/p>\n<p>Le programme est en ligne sur <a href=\"http:\/\/formation.alternatives-economiques.fr\/formations\/comprendre-la-nouvelle-geopolitique-du-monde-et-le-poids-de-la-france-14\" target=\"_blank\">Programme de la conf\u00e9rence.<\/a><\/p>\n<p>Les participants devront poser sur ADP un JRTT Formation sur la journ\u00e9e \u00e0 cette occasion.<\/p>\n<p>Inscription aupr\u00e8s de E. Leloup \u00e0 la DRH ou en ligne sur le Doodle transmis par courriel le 18\/09\/2017.<\/p>\n","protected":false},"excerpt":{"rendered":"<p>&nbsp; Prochaine journ\u00e9e de formation RTT : La nouvelle g\u00e9opolitique du monde et le poids de la France, conf\u00e9rence propos\u00e9e par M. Yann MENS, le jeudi 23 novembre de 9h [&hellip;]<\/p>\n","protected":false},"author":7,"featured_media":0,"comment_status":"open","ping_status":"closed","sticky":false,"template":"","format":"standard","meta":{"footnotes":""},"categories":[12],"tags":[],"class_list":["post-21023","post","type-post","status-publish","format-standard","hentry","category-formation"],"publishpress_future_action":{"enabled":false,"date":"2026-05-07 07:26:52","action":"category","newStatus":"draft","terms":[],"taxonomy":"category","extraData":[]},"publishpress_future_workflow_manual_trigger":{"enabledWorkflows":[]},"_links":{"self":[{"href":"https:\/\/www.ce-illkirch.fr\/wordpress\/wp-json\/wp\/v2\/posts\/21023","targetHints":{"allow":["GET"]}}],"collection":[{"href":"https:\/\/www.ce-illkirch.fr\/wordpress\/wp-json\/wp\/v2\/posts"}],"about":[{"href":"https:\/\/www.ce-illkirch.fr\/wordpress\/wp-json\/wp\/v2\/types\/post"}],"author":[{"embeddable":true,"href":"https:\/\/www.ce-illkirch.fr\/wordpress\/wp-json\/wp\/v2\/users\/7"}],"replies":[{"embeddable":true,"href":"https:\/\/www.ce-illkirch.fr\/wordpress\/wp-json\/wp\/v2\/comments?post=21023"}],"version-history":[{"count":0,"href":"https:\/\/www.ce-illkirch.fr\/wordpress\/wp-json\/wp\/v2\/posts\/21023\/revisions"}],"wp:attachment":[{"href":"https:\/\/www.ce-illkirch.fr\/wordpress\/wp-json\/wp\/v2\/media?parent=21023"}],"wp:term":[{"taxonomy":"category","embeddable":true,"href":"https:\/\/www.ce-illkirch.fr\/wordpress\/wp-json\/wp\/v2\/categories?post=21023"},{"taxonomy":"post_tag","embeddable":true,"href":"https:\/\/www.ce-illkirch.fr\/wordpress\/wp-json\/wp\/v2\/tags?post=21023"}],"curies":[{"name":"wp","href":"https:\/\/api.w.org\/{rel}","templated":true}]}}