{"id":21090,"date":"2018-07-30T09:00:17","date_gmt":"2018-07-30T08:00:17","guid":{"rendered":"https:\/\/www.ce-illkirch.fr\/wordpress\/?p=21090"},"modified":"2026-04-14T11:44:36","modified_gmt":"2026-04-14T09:44:36","slug":"propositions-de-logements-meinau-illkirch","status":"publish","type":"post","link":"https:\/\/www.ce-illkirch.fr\/wordpress\/2018\/07\/logement\/propositions-de-logements-meinau-illkirch\/","title":{"rendered":"Proposition de logements (Barr, Lingolsheim)"},"content":{"rendered":"<p><img loading=\"lazy\" decoding=\"async\" class=\"alignleft wp-image-21097 size-full\" src=\"https:\/\/www.ce-illkirch.fr\" alt=\"LogementIllkirch\" width=\"153\" height=\"157\" \/>Action Logement : les salari\u00e9s d&rsquo;Alcatel sont prioritaires pour l&rsquo;acc\u00e8s aux logements suivants, sous conditions (se renseigner au service social).<\/p>\n<p><a href=\"https:\/\/www.ce-illkirch.fr\/wordpress\/wp-content\/uploads\/FICHE-PROGRAMME-NEOLIA-BARR-d\u00e9pt-67.pdf\">FICHE PROGRAMME NEOLIA BARR d\u00e9pt 67<\/a><\/p>\n<p><a href=\"https:\/\/www.ce-illkirch.fr\/wordpress\/wp-content\/uploads\/FICHE-PROGRAMME-CUS-HABITAT-LINGOLSHEIM-SIMONE-DE-BEAUVOIR-d\u00e9pt671.pdf\">FICHE PROGRAMME CUS HABITAT LINGOLSHEIM d\u00e9pt 67<\/a><\/p>\n<p>Fadila Faulhaber, Assistante Sociale : fadila.faulhaber @ ssce.eu<br \/>\nPermanences chez Alcatel : le mardi de 13h30\u00a0 \u00e0 17h une semaine sur deux.<\/p>\n","protected":false},"excerpt":{"rendered":"<p>Action Logement : les salari\u00e9s d&rsquo;Alcatel sont prioritaires pour l&rsquo;acc\u00e8s aux logements suivants, sous conditions (se renseigner au service social). FICHE PROGRAMME NEOLIA BARR d\u00e9pt 67 FICHE PROGRAMME CUS HABITAT [&hellip;]<\/p>\n","protected":false},"author":7,"featured_media":0,"comment_status":"open","ping_status":"closed","sticky":false,"template":"","format":"standard","meta":{"footnotes":""},"categories":[15],"tags":[],"class_list":["post-21090","post","type-post","status-publish","format-standard","hentry","category-logement"],"publishpress_future_action":{"enabled":false,"date":"2026-05-07 01:34:22","action":"category","newStatus":"draft","terms":[],"taxonomy":"category","extraData":[]},"publishpress_future_workflow_manual_trigger":{"enabledWorkflows":[]},"_links":{"self":[{"href":"https:\/\/www.ce-illkirch.fr\/wordpress\/wp-json\/wp\/v2\/posts\/21090","targetHints":{"allow":["GET"]}}],"collection":[{"href":"https:\/\/www.ce-illkirch.fr\/wordpress\/wp-json\/wp\/v2\/posts"}],"about":[{"href":"https:\/\/www.ce-illkirch.fr\/wordpress\/wp-json\/wp\/v2\/types\/post"}],"author":[{"embeddable":true,"href":"https:\/\/www.ce-illkirch.fr\/wordpress\/wp-json\/wp\/v2\/users\/7"}],"replies":[{"embeddable":true,"href":"https:\/\/www.ce-illkirch.fr\/wordpress\/wp-json\/wp\/v2\/comments?post=21090"}],"version-history":[{"count":3,"href":"https:\/\/www.ce-illkirch.fr\/wordpress\/wp-json\/wp\/v2\/posts\/21090\/revisions"}],"predecessor-version":[{"id":39335,"href":"https:\/\/www.ce-illkirch.fr\/wordpress\/wp-json\/wp\/v2\/posts\/21090\/revisions\/39335"}],"wp:attachment":[{"href":"https:\/\/www.ce-illkirch.fr\/wordpress\/wp-json\/wp\/v2\/media?parent=21090"}],"wp:term":[{"taxonomy":"category","embeddable":true,"href":"https:\/\/www.ce-illkirch.fr\/wordpress\/wp-json\/wp\/v2\/categories?post=21090"},{"taxonomy":"post_tag","embeddable":true,"href":"https:\/\/www.ce-illkirch.fr\/wordpress\/wp-json\/wp\/v2\/tags?post=21090"}],"curies":[{"name":"wp","href":"https:\/\/api.w.org\/{rel}","templated":true}]}}